{"id":11875,"date":"2021-04-15T17:38:52","date_gmt":"2021-04-15T20:38:52","guid":{"rendered":"http:\/\/www.folhadocomercio.com.br\/folha-do-comercio\/?p=11875"},"modified":"2021-04-15T17:41:36","modified_gmt":"2021-04-15T20:41:36","slug":"usiminas-formaliza-participacao-no-pacto-global-da-onu","status":"publish","type":"post","link":"http:\/\/www.folhadocomercio.net.br\/?p=11875","title":{"rendered":"Usiminas formaliza participa\u00e7\u00e3o no Pacto Global da ONU"},"content":{"rendered":"<div class=\"bt_bb_wrapper\"><p style=\"font-weight: 400;\"><img loading=\"lazy\" class=\"size-medium wp-image-11877 alignright\" src=\"http:\/\/www.folhadocomercio.com.br\/folha-do-comercio\/wp-content\/uploads\/2021\/04\/LEITE-640x480.jpg\" alt=\"\" width=\"640\" height=\"480\" srcset=\"http:\/\/www.folhadocomercio.net.br\/wp-content\/uploads\/2021\/04\/LEITE-640x480.jpg 640w, http:\/\/www.folhadocomercio.net.br\/wp-content\/uploads\/2021\/04\/LEITE-1024x768.jpg 1024w, http:\/\/www.folhadocomercio.net.br\/wp-content\/uploads\/2021\/04\/LEITE-1280x960.jpg 1280w, http:\/\/www.folhadocomercio.net.br\/wp-content\/uploads\/2021\/04\/LEITE-320x240.jpg 320w\" sizes=\"(max-width: 640px) 100vw, 640px\" \/>Em mais um importante passo de sua estrat\u00e9gia de sustentabilidade, a Usiminas formalizou na quarta-feira, 14,, sua ades\u00e3o ao Pacto Global da ONU (Organiza\u00e7\u00e3o das Na\u00e7\u00f5es Unidas). A iniciativa \u00e9 um compromisso proposto pela Organiza\u00e7\u00e3o para estimular as empresas a alinharem sua atua\u00e7\u00e3o de modo a promover o crescimento sustent\u00e1vel, estimulando a sociedade a atingir objetivos de desenvolvimento sustent\u00e1vel at\u00e9 2030.<\/p>\n<p style=\"font-weight: 400;\">A ades\u00e3o \u00e9 volunt\u00e1ria e, como participante do pacto, a Usiminas se compromete com temas como preserva\u00e7\u00e3o ambiental, diversidade e inclus\u00e3o, combate ao trabalho escravo e infantil, entre outras pr\u00e1ticas. Atualmente, o Pacto Global \u00e9 a maior iniciativa de sustentabilidade corporativa do mundo, com mais de 16 mil membros, entre empresas e organiza\u00e7\u00f5es, distribu\u00eddos em 69 redes locais, que abrangem 160 pa\u00edses. Ao integrar o Pacto Global, a Usiminas tamb\u00e9m assume a responsabilidade de contribuir para o alcance dos 10 princ\u00edpios universais da ONU e dos Objetivos de Desenvolvimento Sustent\u00e1vel (ODS).<\/p>\n<p style=\"font-weight: 400;\">Para marcar a ades\u00e3o, o presidente da companhia, Sergio Leite(FOTO) se uniu ao diretor executivo do Pacto Global, Carlo Pereira e \u00e0 diretora de Pessoas, Marketing, Comunica\u00e7\u00e3o e Sustentabilidade da B3, Ana Buchaim, para uma live com os colaboradores. O objetivo \u00e9 engajar as equipes na constru\u00e7\u00e3o de uma opera\u00e7\u00e3o cada dia mais alinhada aos objetivos do Pacto.<\/p>\n<p style=\"font-weight: 400;\">Leite lembra que, h\u00e1 alguns anos, a Usiminas j\u00e1 vem debatendo os caminhos para a perenidade de seus neg\u00f3cios e a necessidade de construir diariamente e de maneira coletiva de uma a\u00e7\u00e3o ativa da companhia como agente de desenvolvimento econ\u00f4mico e social. \u201cHoje, posso dizer que registramos um avan\u00e7o importante nessa trajet\u00f3ria do compromisso da Usiminas com o Pacto Global da ONU. J\u00e1 t\u00ednhamos uma agenda de sustentabilidade forte e uma a\u00e7\u00e3o social que remonta ao in\u00edcio de nossas opera\u00e7\u00f5es. E, ao assumirmos mais esse compromisso p\u00fablico, ampliamos nossa vis\u00e3o, essa agenda ganha ainda mais for\u00e7a e se torna uma meta da companhia ao longo dos anos\u201d, afirma o presidente.<\/p>\n<p style=\"font-weight: 400;\"><strong>Agenda ESG<\/strong><\/p>\n<p style=\"font-weight: 400;\">A Usiminas est\u00e1 comprometida com a pauta ESG (sigla em ingl\u00eas para Social, Meio Ambiente e Governan\u00e7a) e vem estabelecendo diversos indicadores e metas relacionadas ao tema. Entre outras iniciativas, nos campos da Diversidade e Inclus\u00e3o, e meio ambiente, a empresa pretende atingir o percentual de 10% de presen\u00e7a feminina na \u00e1rea industrial at\u00e9 o pr\u00f3ximo ano e vai realizar invent\u00e1rios de emiss\u00e3o de CO2, seguindo o padr\u00e3o GEE, al\u00e9m de, tamb\u00e9m, participar do CDP (Carbon Disclosure Project).<\/p>\n<p style=\"font-weight: 400;\">A empresa tem, ainda, a meta de, na Minera\u00e7\u00e3o Usiminas, efetivar a migra\u00e7\u00e3o da disposi\u00e7\u00e3o de rejeitos para o processo de filtragem e empilhamento a seco ainda em 2021, seguida da descaracteriza\u00e7\u00e3o da Barragem Central, \u00fanica estrutura de barragem no modelo convencional, ainda em opera\u00e7\u00e3o, no primeiro trimestre do pr\u00f3ximo ano.<\/p>\n<p style=\"font-weight: 400;\">De acordo com o gerente-geral de Sustentabilidade da Usiminas, Andr\u00e9 Chaves, a empresa vem em um esfor\u00e7o cont\u00ednuo para se integrar cada vez mais \u00e0 agenda ESG e, ao mesmo tempo, criar condi\u00e7\u00f5es para que as partes interessadas possam acompanhar a evolu\u00e7\u00e3o do tema na companhia. \u201cEstamos com uma agenda de sustentabilidade intensa para este ano. Teremos a defini\u00e7\u00e3o clara de m\u00e9tricas para mensurar nossos objetivos e iniciativas que permitam aos nossos stakeholders serem devidamente informados desses avan\u00e7os. Nesse sentido, ser\u00e1 lan\u00e7ada p\u00e1gina espec\u00edfica sobre o tema no site da empresa, assim como o nosso Relat\u00f3rio de Sustentabilidade 2020\u201d, afirma.<\/p>\n<p style=\"font-weight: 400;\">Para marcar o novo passo da companhia em seu compromisso com a sustentabilidade, foi plantada uma \u00e1rvore nativa para cada participante da live realizada.<\/p>\n<\/div>","protected":false},"excerpt":{"rendered":"<p>Em mais um importante passo de sua estrat\u00e9gia de sustentabilidade, a Usiminas formalizou na quarta-feira, 14,, sua ades\u00e3o ao Pacto Global da ONU (Organiza\u00e7\u00e3o das Na\u00e7\u00f5es Unidas). A iniciativa \u00e9 um compromisso proposto pela Organiza\u00e7\u00e3o para estimular as empresas a alinharem sua atua\u00e7\u00e3o de modo a promover o crescimento sustent\u00e1vel, estimulando a sociedade a atingir [&hellip;]<\/p>\n","protected":false},"author":1,"featured_media":0,"comment_status":"closed","ping_status":"closed","sticky":false,"template":"","format":"standard","meta":[],"categories":[194],"tags":[],"_links":{"self":[{"href":"http:\/\/www.folhadocomercio.net.br\/index.php?rest_route=\/wp\/v2\/posts\/11875"}],"collection":[{"href":"http:\/\/www.folhadocomercio.net.br\/index.php?rest_route=\/wp\/v2\/posts"}],"about":[{"href":"http:\/\/www.folhadocomercio.net.br\/index.php?rest_route=\/wp\/v2\/types\/post"}],"author":[{"embeddable":true,"href":"http:\/\/www.folhadocomercio.net.br\/index.php?rest_route=\/wp\/v2\/users\/1"}],"replies":[{"embeddable":true,"href":"http:\/\/www.folhadocomercio.net.br\/index.php?rest_route=%2Fwp%2Fv2%2Fcomments&post=11875"}],"version-history":[{"count":2,"href":"http:\/\/www.folhadocomercio.net.br\/index.php?rest_route=\/wp\/v2\/posts\/11875\/revisions"}],"predecessor-version":[{"id":11878,"href":"http:\/\/www.folhadocomercio.net.br\/index.php?rest_route=\/wp\/v2\/posts\/11875\/revisions\/11878"}],"wp:attachment":[{"href":"http:\/\/www.folhadocomercio.net.br\/index.php?rest_route=%2Fwp%2Fv2%2Fmedia&parent=11875"}],"wp:term":[{"taxonomy":"category","embeddable":true,"href":"http:\/\/www.folhadocomercio.net.br\/index.php?rest_route=%2Fwp%2Fv2%2Fcategories&post=11875"},{"taxonomy":"post_tag","embeddable":true,"href":"http:\/\/www.folhadocomercio.net.br\/index.php?rest_route=%2Fwp%2Fv2%2Ftags&post=11875"}],"curies":[{"name":"wp","href":"https:\/\/api.w.org\/{rel}","templated":true}]}}