{"id":11882,"date":"2021-04-19T14:44:35","date_gmt":"2021-04-19T17:44:35","guid":{"rendered":"http:\/\/www.folhadocomercio.com.br\/folha-do-comercio\/?p=11882"},"modified":"2021-04-19T14:53:18","modified_gmt":"2021-04-19T17:53:18","slug":"supermercados-e-restante-do-setor-abrem-nesta-quarta-feira","status":"publish","type":"post","link":"http:\/\/www.folhadocomercio.net.br\/?p=11882","title":{"rendered":"Supermercados e restante do setor abrem nesta quarta-feira"},"content":{"rendered":"<div class=\"bt_bb_wrapper\"><p><img loading=\"lazy\" class=\"size-medium wp-image-11888 alignright\" src=\"http:\/\/www.folhadocomercio.com.br\/folha-do-comercio\/wp-content\/uploads\/2021\/04\/SUPER-640x424.jpg\" alt=\"\" width=\"640\" height=\"424\" srcset=\"http:\/\/www.folhadocomercio.net.br\/wp-content\/uploads\/2021\/04\/SUPER-640x424.jpg 640w, http:\/\/www.folhadocomercio.net.br\/wp-content\/uploads\/2021\/04\/SUPER-1024x678.jpg 1024w, http:\/\/www.folhadocomercio.net.br\/wp-content\/uploads\/2021\/04\/SUPER-1280x848.jpg 1280w, http:\/\/www.folhadocomercio.net.br\/wp-content\/uploads\/2021\/04\/SUPER-320x212.jpg 320w\" sizes=\"(max-width: 640px) 100vw, 640px\" \/> <img loading=\"lazy\" class=\"size-medium wp-image-11889 alignright\" src=\"http:\/\/www.folhadocomercio.com.br\/folha-do-comercio\/wp-content\/uploads\/2021\/04\/ZE-640x424.jpg\" alt=\"\" width=\"640\" height=\"424\" srcset=\"http:\/\/www.folhadocomercio.net.br\/wp-content\/uploads\/2021\/04\/ZE-640x424.jpg 640w, http:\/\/www.folhadocomercio.net.br\/wp-content\/uploads\/2021\/04\/ZE-1024x678.jpg 1024w, http:\/\/www.folhadocomercio.net.br\/wp-content\/uploads\/2021\/04\/ZE-1280x848.jpg 1280w, http:\/\/www.folhadocomercio.net.br\/wp-content\/uploads\/2021\/04\/ZE-320x212.jpg 320w\" sizes=\"(max-width: 640px) 100vw, 640px\" \/>LEGENDAS<br \/>\n<strong>Lojas do varejo aliment\u00edcio poder\u00e3o receber seus clientes nos\u00a0pr\u00f3ximos dois feriados, dias 21 e 29<\/strong><br \/>\n<strong>\u201cSe puder, v\u00e1 sozinho ao supermercado\u201d, recomendou Jos\u00e9 Maria\u00a0Facundes &#8211;\u00a0FOTOS: Emmanuel Franco<\/strong><\/p>\n<p>Segmento tem autoriza\u00e7\u00e3o para funcionar no Dia de Tirandentes e\u00a0tamb\u00e9m no anivers\u00e1rio das emancipa\u00e7\u00f5es de Ipatinga e Tim\u00f3teo<\/p>\n<p>IPATINGA \u2013 Todo o varejo aliment\u00edcio tem autoriza\u00e7\u00e3o para\u00a0abrir as portas nesta quarta-feira (21), no Vale do A\u00e7o, quando\u00a0ser\u00e1 feriado nacional em celebra\u00e7\u00e3o ao Dia de Tiradentes. Em\u00a0Ipatinga, o funcionamento de supermercados, a\u00e7ougues, casas\u00a0de carnes, mercearias, hortifr\u00fatis, peixarias e demais lojas do\u00a0setor, ocorre das 8h \u00e0s 18h. J\u00e1 em Tim\u00f3teo e Coronel\u00a0Fabriciano, o expediente acontece das 8h \u00e0s 14h.\u00a0As mesmas empresas tamb\u00e9m estar\u00e3o abertas no pr\u00f3ximo dia 29,\u00a0uma quinta-feira, feriado muncipal em comemora\u00e7\u00e3o \u00e0s\u00a0emancipa\u00e7\u00f5es de Ipatinga e Tim\u00f3teo. Em Ipatinga, o hor\u00e1rio\u00a0negociado para esse dia tamb\u00e9m foi das 8h \u00e0s 18h, enquanto em\u00a0Tim\u00f3teo o setor estar\u00e1 de portas abertas novamente das 8h \u00e0s 14h.<br \/>\nEm Coronel Fabriciano n\u00e3o ser\u00e1 feriado no dia 29 e o\u00a0funcionamento segue normalmente.<br \/>\nA negocia\u00e7\u00e3o que garantiu a abertura do varejo aliment\u00edcio foi ealizada pelo Sindicato do Com\u00e9rcio Varejista e Atacadista deNBens e Servi\u00e7os (Sindcom\u00e9rcio) do Vale do A\u00e7o com os sindicatos\u00a0laborais das tr\u00eas principais cidades da regi\u00e3o. Segundo a entidade,\u00a0at\u00e9 dezembro, supermercados e o resto do setor ainda ter\u00e3o\u00a0autoriza\u00e7\u00e3o para funcionar em mais cinco feriados: Corpus Christi\u00a0(03\/06), Independ\u00eancia do Brasil (07\/09), Nossa Senhora da<br \/>\nAparecida (12\/10), Finados e Proclama\u00e7\u00e3o da Rep\u00fablica (02 e\u00a015\/11, respectivamente).<\/p>\n<p>Cuidados<br \/>\n\u201cDesde que a Covid-19 chegou, o desafio para os empres\u00e1rios do\u00a0varejo aliment\u00edcio t\u00eam s\u00f3 aumentado. Medir temperatura de quem\u00a0chega, controlar o n\u00famero de clientes nas lojas e higienizar\u00a0g\u00f4ndolas e carrinhos s\u00e3o alguns dos muitos cuidados que se deve\u00a0ter\u201d, frisa o presidente do Sindcom\u00e9rcio, Jos\u00e9 Maria Facundes.<br \/>\nO dirigente sindical ainda faz uma apelo a quem sai de casa para\u00a0realizar compras: \u201cEstamos no auge da pandemia e tamb\u00e9m\u00a0precisamos que os consumidores continuem colaborando. Se\u00a0puder, v\u00e1 sozinho ao supermercado. Deixe os filhos e o marido ou a\u00a0esposa em casa para que as lojas possam registrar um fluxo menor\u00a0de pessoas. Fam\u00edlias inteiras realizando compras n\u00e3o \u00e9 o\u00a0recomend\u00e1vel.\u201d<br \/>\nOutras informa\u00e7\u00f5es sobre as conven\u00e7\u00f5es coletivas de trabalho\u00a0(CCT\u2019s) que garantiram a abertura do varejo aliment\u00edcio est\u00e3o\u00a0dispon\u00edveis em www.sindcomerciova.com.br.<\/p>\n<\/div>","protected":false},"excerpt":{"rendered":"<p>LEGENDAS Lojas do varejo aliment\u00edcio poder\u00e3o receber seus clientes nos\u00a0pr\u00f3ximos dois feriados, dias 21 e 29 \u201cSe puder, v\u00e1 sozinho ao supermercado\u201d, recomendou Jos\u00e9 Maria\u00a0Facundes &#8211;\u00a0FOTOS: Emmanuel Franco Segmento tem autoriza\u00e7\u00e3o para funcionar no Dia de Tirandentes e\u00a0tamb\u00e9m no anivers\u00e1rio das emancipa\u00e7\u00f5es de Ipatinga e Tim\u00f3teo IPATINGA \u2013 Todo o varejo aliment\u00edcio tem autoriza\u00e7\u00e3o para\u00a0abrir [&hellip;]<\/p>\n","protected":false},"author":1,"featured_media":0,"comment_status":"closed","ping_status":"closed","sticky":false,"template":"","format":"standard","meta":[],"categories":[224],"tags":[],"_links":{"self":[{"href":"http:\/\/www.folhadocomercio.net.br\/index.php?rest_route=\/wp\/v2\/posts\/11882"}],"collection":[{"href":"http:\/\/www.folhadocomercio.net.br\/index.php?rest_route=\/wp\/v2\/posts"}],"about":[{"href":"http:\/\/www.folhadocomercio.net.br\/index.php?rest_route=\/wp\/v2\/types\/post"}],"author":[{"embeddable":true,"href":"http:\/\/www.folhadocomercio.net.br\/index.php?rest_route=\/wp\/v2\/users\/1"}],"replies":[{"embeddable":true,"href":"http:\/\/www.folhadocomercio.net.br\/index.php?rest_route=%2Fwp%2Fv2%2Fcomments&post=11882"}],"version-history":[{"count":3,"href":"http:\/\/www.folhadocomercio.net.br\/index.php?rest_route=\/wp\/v2\/posts\/11882\/revisions"}],"predecessor-version":[{"id":11891,"href":"http:\/\/www.folhadocomercio.net.br\/index.php?rest_route=\/wp\/v2\/posts\/11882\/revisions\/11891"}],"wp:attachment":[{"href":"http:\/\/www.folhadocomercio.net.br\/index.php?rest_route=%2Fwp%2Fv2%2Fmedia&parent=11882"}],"wp:term":[{"taxonomy":"category","embeddable":true,"href":"http:\/\/www.folhadocomercio.net.br\/index.php?rest_route=%2Fwp%2Fv2%2Fcategories&post=11882"},{"taxonomy":"post_tag","embeddable":true,"href":"http:\/\/www.folhadocomercio.net.br\/index.php?rest_route=%2Fwp%2Fv2%2Ftags&post=11882"}],"curies":[{"name":"wp","href":"https:\/\/api.w.org\/{rel}","templated":true}]}}