{"id":11911,"date":"2021-04-29T15:27:08","date_gmt":"2021-04-29T18:27:08","guid":{"rendered":"http:\/\/www.folhadocomercio.com.br\/folha-do-comercio\/?p=11911"},"modified":"2021-04-29T15:29:51","modified_gmt":"2021-04-29T18:29:51","slug":"57-anos-de-ipatinga-cidade-polo-do-vale-do-aco","status":"publish","type":"post","link":"http:\/\/www.folhadocomercio.net.br\/?p=11911","title":{"rendered":"57 anos de Ipatinga, cidade-polo do Vale do A\u00e7o"},"content":{"rendered":"<div class=\"bt_bb_wrapper\"><p><strong><img loading=\"lazy\" class=\"size-medium wp-image-11913 alignright\" src=\"http:\/\/www.folhadocomercio.com.br\/folha-do-comercio\/wp-content\/uploads\/2021\/04\/ANIVERS\u00c1RIO-DE-IPATINGA-BANDEIRAS-640x426.jpg\" alt=\"\" width=\"640\" height=\"426\" srcset=\"http:\/\/www.folhadocomercio.net.br\/wp-content\/uploads\/2021\/04\/ANIVERS\u00c1RIO-DE-IPATINGA-BANDEIRAS-640x426.jpg 640w, http:\/\/www.folhadocomercio.net.br\/wp-content\/uploads\/2021\/04\/ANIVERS\u00c1RIO-DE-IPATINGA-BANDEIRAS-1024x682.jpg 1024w, http:\/\/www.folhadocomercio.net.br\/wp-content\/uploads\/2021\/04\/ANIVERS\u00c1RIO-DE-IPATINGA-BANDEIRAS-1280x853.jpg 1280w, http:\/\/www.folhadocomercio.net.br\/wp-content\/uploads\/2021\/04\/ANIVERS\u00c1RIO-DE-IPATINGA-BANDEIRAS-320x213.jpg 320w\" sizes=\"(max-width: 640px) 100vw, 640px\" \/>Otimista quanto ao futuro, mas lembrando vidas\u00a0ceifadas pela pandemia, prefeito Gustavo Nunes se\u00a0<\/strong><strong>emociona em celebra\u00e7\u00f5es do anivers\u00e1rio do\u00a0munic\u00edpio<\/strong><br \/>\nAo som do hino de Ipatinga, executado por educadores\u00a0musicais da rede de ensino local ap\u00f3s um minuto de sil\u00eancio\u00a0em homenagem \u00e0s v\u00edtimas de Covid-19, o prefeito Gustavo\u00a0Nunes(FOTO) abriu na manh\u00e3 desta quinta-feira, 29 de abril, na\u00a0Pra\u00e7a dos Tr\u00eas Poderes, com hasteamento da bandeira do\u00a0munic\u00edpio, as celebra\u00e7\u00f5es pelo 57\u00ba anivers\u00e1rio de\u00a0emancipa\u00e7\u00e3o da cidade, que neste ano ocorrem de maneira<br \/>\ncompletamente at\u00edpica em fun\u00e7\u00e3o das limita\u00e7\u00f5es impostas\u00a0pela pandemia. A solenidade contou ainda com a presen\u00e7a\u00a0do vice-prefeito Alexsandro Esp\u00edrito Santo, v\u00e1rios\u00a0secret\u00e1rios e adjuntos da Prefeitura, al\u00e9m do presidente do\u00a0Legislativo, vereador Toninho Felipe.<\/p>\n<p>Tradicionalmente entoada em datas festivas nas escolas\u00a0municipais, a m\u00fasica que homenageia Ipatinga \u00e9 um marco\u00a0memor\u00e1vel da hist\u00f3ria da cidade. Sob encomenda para a\u00a0posse do interventor D\u00e9lio Baeta \u2013 ocorrida no antigo Cine\u00a0Ipanema \u2013, que foi indicado para a chefia do Executivo em\u00a01964, ano da Revolu\u00e7\u00e3o, a letra foi escrita por uma\u00a0professora pioneira, Maria Weber de Oliveira, hoje com 89\u00a0anos de idade. Conhecida como dona \u201cBizuca\u201d, ela tamb\u00e9m\u00a0lecionou e foi diretora do primeiro educand\u00e1rio p\u00f3s-emancipa\u00e7\u00e3o, a Escola Manoel Iz\u00eddio, no Centro, que\u00a0recebeu este nome em tributo ao carvoeiro da Belgo-Mineira\u00a0e dono da fazendinha que a abrigava. A melodia \u00e9 de Ana\u00a0Letro Staacks, tamb\u00e9m professora e pianista, natural de\u00a0Jaguara\u00e7u. Apesar da can\u00e7\u00e3o ter se tornado praxe em\u00a0eventos do munic\u00edpio desde o in\u00edcio da d\u00e9cada de 60,\u00a0somente em 2013 foi oficializada como hino, por meio de\u00a0projeto votado na C\u00e2mara, uma iniciativa do ent\u00e3o\u00a0presidente Arcanjo Evangelista Pascoal, filho do pioneiro\u00a0Jo\u00e3o Valentim Pascoal.<br \/>\nMomento emocionante<br \/>\n\u201cCom o apoio de uma equipe muito comprometida, temos\u00a0trabalhado intensamente, desde que iniciamos o mandato,\u00a0para proporcionar melhor qualidade de vida para a\u00a0popula\u00e7\u00e3o, alcan\u00e7ando bons resultados em diversas \u00e1reas,\u00a0como demonstramos na presta\u00e7\u00e3o de contas de nossos\u00a0primeiros 100 dias de governo. Mas diante do contexto que\u00a0estamos vivendo hoje, com tantas vidas ceifadas por essa\u00a0doen\u00e7a terr\u00edvel que abala o mundo, n\u00e3o faria o menor\u00a0sentido promovermos festa e tampouco desrespeitar os\u00a0protocolos sanit\u00e1rios, at\u00e9 mesmo em respeito ao luto de\u00a0in\u00fameras fam\u00edlias. De qualquer forma, como filho desta\u00a0cidade e tendo recebido dos moradores essa honrosa\u00a0miss\u00e3o de dirigir os seus destinos, devo dizer que esta \u00e9\u00a0para mim uma ocasi\u00e3o emocionante. Tenho muito que\u00a0agradecer a Deus e a todos aqueles que t\u00eam colaborado\u00a0conosco na tarefa de produzir dias melhores para a\u00a0coletividade\u201d, refletiu o prefeito Gustavo Nunes.<br \/>\nO chefe do Executivo ainda lembrou o slogan de sua gest\u00e3o,\u00a0Cidade do Futuro, para ressaltar que \u201ca despeito dessa\u00a0conjuntura desafiadora que enfrentamos em rela\u00e7\u00e3o \u00e0 sa\u00fade\u00a0p\u00fablica, temos metas e objetivos ousados a serem\u00a0cumpridos\u201d, vendo com otimismo a materializa\u00e7\u00e3o de\u00a0avan\u00e7os planejados para os pr\u00f3ximos anos.<br \/>\n<strong>Corrida no Parque<\/strong><br \/>\nConclu\u00eddo o hasteamento da bandeira de Ipatinga na Pra\u00e7a dos\u00a0Tr\u00eas Poderes, o prefeito e demais autoridades se deslocaram para\u00a0o Parque Ipanema, onde foi dada a largada, pr\u00f3ximo ao hall de\u00a0entrada do est\u00e1dio Jo\u00e3o Lamego Netto, para uma Corrida Simb\u00f3lica\u00a0com participa\u00e7\u00e3o de representantes de diversos segmentos da<br \/>\ncomunidade. Conclu\u00eddo no viveiro municipal, onde o prefeito\u00a0Gustavo Nunes recepcionou os corredores, o percurso foi feito em\u00a0revezamento, no entorno do principal cart\u00e3o postal da cidade, com\u00a0o apoio de equipes da fiscaliza\u00e7\u00e3o de tr\u00e2nsito e SAMU, al\u00e9m de\u00a0batedores da Pol\u00edcia Militar.<\/p>\n<p>Para retratar a import\u00e2ncia do setor industrial e especialmente da\u00a0Usiminas para o desenvolvimento do munic\u00edpio, o primeiro trecho foi\u00a0cumprido pelo diretor da Usina Intendente C\u00e2mara, Helton Muzzi,<br \/>\nfilho do pioneiro Helv\u00e9cio Thomaz Martins. A atleta Lucimar Moura,\u00a0medalhista ol\u00edmpica na prova de revezamento 4x100m feminino de\u00a0atletismo na olimp\u00edada de Pequim 2008, fechou a corrida.<br \/>\nParticiparam ainda do evento representantes da Associa\u00e7\u00e3o Nipo-Brasileira de Ipatinga (ANBI), o tradicional Clube Japon\u00eas;\u00a0integrantes do Corpo de Bombeiros, Pol\u00edcia Militar, Pol\u00edcia Civil,\u00a0Executivo, Legislativo e Judici\u00e1rio; ACIAPI e CDL; um agente de\u00a0limpeza p\u00fablica; um estudante, um idoso e um cadeirante, entre<br \/>\noutros.<br \/>\n<strong>Minitrio e \u2018live<\/strong>\u2019<br \/>\nCom a colabora\u00e7\u00e3o do Instituto Usiminas, na parte da tarde a\u00a0prefeitura vai realizar o &amp;quot;Circuito Comunidade Especial &#8211; Anivers\u00e1rio\u00a0de Ipatinga\u201d, uma interven\u00e7\u00e3o cultural sobre a cidade. Num minitrio<br \/>\nque circular\u00e1 pelos bairros Cana\u00e3, Cana\u00e3zinho e Beth\u00e2nia,\u00a0educadores musicais e perform\u00e1ticos do munic\u00edpio se apresentar\u00e3o\u00a0aos moradores, mesclando conta\u00e7\u00e3o de hist\u00f3rias com m\u00fasica,\u00a0casos e curiosidades da cidade.<br \/>\nA programa\u00e7\u00e3o ser\u00e1 encerrada com uma \u2018live\u2019 show na Esta\u00e7\u00e3o\u00a0Mem\u00f3ria Zeza Souto, com participa\u00e7\u00e3o de grupos musicais. As\u00a0apresenta\u00e7\u00f5es ser\u00e3o gravadas e replicadas nas redes sociais por\u00a0meio do link https:\/\/www.youtube.com\/watch?v=AAk-n-09y9A<br \/>\n<strong>Bolo de anivers\u00e1rio<\/strong><br \/>\nOfertado pela iniciativa privada, o tradicional bolo de anivers\u00e1rio,\u00a0que nos \u00faltimos anos era distribu\u00eddo aos mun\u00edcipes em eventos no\u00a0Parque Ipanema, desta vez est\u00e1 sendo repartido a entidades\u00a0assistenciais, tendo sido eleitas preferencialmente Institui\u00e7\u00f5es de\u00a0Longa Perman\u00eancia (ILP) que atendem idosos, al\u00e9m de outras de<br \/>\nacolhimento a crian\u00e7as.<\/p>\n<\/div>","protected":false},"excerpt":{"rendered":"<p>Otimista quanto ao futuro, mas lembrando vidas\u00a0ceifadas pela pandemia, prefeito Gustavo Nunes se\u00a0emociona em celebra\u00e7\u00f5es do anivers\u00e1rio do\u00a0munic\u00edpio Ao som do hino de Ipatinga, executado por educadores\u00a0musicais da rede de ensino local ap\u00f3s um minuto de sil\u00eancio\u00a0em homenagem \u00e0s v\u00edtimas de Covid-19, o prefeito Gustavo\u00a0Nunes(FOTO) abriu na manh\u00e3 desta quinta-feira, 29 de abril, na\u00a0Pra\u00e7a dos [&hellip;]<\/p>\n","protected":false},"author":1,"featured_media":0,"comment_status":"closed","ping_status":"closed","sticky":false,"template":"","format":"standard","meta":[],"categories":[181],"tags":[],"_links":{"self":[{"href":"http:\/\/www.folhadocomercio.net.br\/index.php?rest_route=\/wp\/v2\/posts\/11911"}],"collection":[{"href":"http:\/\/www.folhadocomercio.net.br\/index.php?rest_route=\/wp\/v2\/posts"}],"about":[{"href":"http:\/\/www.folhadocomercio.net.br\/index.php?rest_route=\/wp\/v2\/types\/post"}],"author":[{"embeddable":true,"href":"http:\/\/www.folhadocomercio.net.br\/index.php?rest_route=\/wp\/v2\/users\/1"}],"replies":[{"embeddable":true,"href":"http:\/\/www.folhadocomercio.net.br\/index.php?rest_route=%2Fwp%2Fv2%2Fcomments&post=11911"}],"version-history":[{"count":2,"href":"http:\/\/www.folhadocomercio.net.br\/index.php?rest_route=\/wp\/v2\/posts\/11911\/revisions"}],"predecessor-version":[{"id":11914,"href":"http:\/\/www.folhadocomercio.net.br\/index.php?rest_route=\/wp\/v2\/posts\/11911\/revisions\/11914"}],"wp:attachment":[{"href":"http:\/\/www.folhadocomercio.net.br\/index.php?rest_route=%2Fwp%2Fv2%2Fmedia&parent=11911"}],"wp:term":[{"taxonomy":"category","embeddable":true,"href":"http:\/\/www.folhadocomercio.net.br\/index.php?rest_route=%2Fwp%2Fv2%2Fcategories&post=11911"},{"taxonomy":"post_tag","embeddable":true,"href":"http:\/\/www.folhadocomercio.net.br\/index.php?rest_route=%2Fwp%2Fv2%2Ftags&post=11911"}],"curies":[{"name":"wp","href":"https:\/\/api.w.org\/{rel}","templated":true}]}}