{"id":11920,"date":"2021-04-30T16:19:49","date_gmt":"2021-04-30T19:19:49","guid":{"rendered":"http:\/\/www.folhadocomercio.com.br\/folha-do-comercio\/?p=11920"},"modified":"2024-07-10T04:47:02","modified_gmt":"2024-07-10T07:47:02","slug":"poros-uma-boa-noticia-em-pauta","status":"publish","type":"post","link":"http:\/\/www.folhadocomercio.net.br\/?p=11920","title":{"rendered":"Poros, uma boa not\u00edcia em pauta"},"content":{"rendered":"<div class=\"bt_bb_wrapper\"><p style=\"font-weight: 400;\"><em><img loading=\"lazy\" class=\"size-medium wp-image-11922 alignright\" src=\"http:\/\/www.folhadocomercio.com.br\/folha-do-comercio\/wp-content\/uploads\/2021\/04\/RUDSON-640x853.jpg\" alt=\"\" width=\"640\" height=\"853\" srcset=\"http:\/\/www.folhadocomercio.net.br\/wp-content\/uploads\/2021\/04\/RUDSON-640x853.jpg 640w, http:\/\/www.folhadocomercio.net.br\/wp-content\/uploads\/2021\/04\/RUDSON-320x427.jpg 320w, http:\/\/www.folhadocomercio.net.br\/wp-content\/uploads\/2021\/04\/RUDSON.jpg 768w\" sizes=\"(max-width: 640px) 100vw, 640px\" \/>Jornalista Rudson Vieira fala sobre seu terceiro livro\u00a0<\/em><em>em\u00a0\u00a0<\/em><em>live que ser\u00e1 transmitida no s\u00e1bado (1\u00ba) pelo instagram<\/em><\/p>\n<p style=\"font-weight: 400;\"><strong>\u00a0FOTO &#8211; O jornalista Rudson Vieira \u00e9 homenageado com o Trof\u00e9u Aplausos na festa da promoter Sayonara Calhau, em Governador Valaldares<\/strong><\/p>\n<p style=\"font-weight: 400;\"><strong>IPATINGA<\/strong>\u00a0\u2013 \u201c<strong>Ent\u00e3o vejo nascer uma nova hist\u00f3ria do tempo em que<\/strong>\u00a0se dizia \u201ceu te amo\u201d com sentido e sentimento, e n\u00e3o apenas costume\u201d. Assim o jornalista Rudson Vieira abre\u00a0<strong><em>Poros<\/em><\/strong><em>,<\/em>\u00a0seu terceiro livro que ser\u00e1 assunto da live agendada para \u00e0s 19h de amanh\u00e3 (1\u00ba) no instagram do escritor.<\/p>\n<p style=\"font-weight: 400;\">A obra relaciona a vida com uma feira livre. Desde o movimento das pessoas pela tradicional \u00e1rea de com\u00e9rcio at\u00e9 as mercadorias expostas nas bancas, tudo \u00e9 associado a sentimentos e a modos das pessoas cumprirem sua trajet\u00f3ria pelo mundo.<\/p>\n<p style=\"font-weight: 400;\">Rudson Vieira comenta que \u201c<strong><em>Poros<\/em><\/strong>\u00a0veio \u00e0 luz como resultado de sua mania de observar pessoas, processos, fluxos, comportamentos. Tudo sem amarras de l\u00f3gica, sentido ou padr\u00e3o \u00fanico\u201d.<\/p>\n<p style=\"font-weight: 400;\">Indagado sobre o que a obra traz, fugindo do spoiler, o escritor conta que \u201ctraz um pouco do\u201d, uma resposta incompleta, um espa\u00e7o aberto a respostas a serem formuladas pelo pr\u00f3prio leitor.<\/p>\n<p style=\"font-weight: 400;\">Entre os fieis leitores das obras do escritor, est\u00e1 o cineasta carioca, Luiz Carlos Lacerda, o Bigode. Em suas redes sociais, ele define Rudson Vieira como um novo autor que merece o aplauso das raras estreias marcantes. \u201cNele \u00e9 tudo novidade. Na forma e no conte\u00fado &#8211; como assim queria Maiakovski\u201d. O cineasta observa que as obras s\u00e3o desvinculadas de compromissos de g\u00eaneros liter\u00e1rios <a href='https:\/\/www.365gonfiabili.it\/a079013-italia-comprare-acquascivolo-gonfiabile-per-lago.html' style=\"color: black; text-decoration: none;\">acquascivolo gonfiabile per lago<\/a> que costumam marcar a p\u00f3s-Gera\u00e7\u00e3o 45, ou da que se cunhou como Nov\u00edssima poesia brasileira. \u201cQuando fala de peixes, n\u00e3o \u00e9 s\u00f3 de pescaria que se trata, mas de um labirinto de significados que precisamos decifrar. Esse \u00e9 o seu &#8220;jogo de amarelinhas&#8221; e aqu\u00e1rio cujo reflexo devolve a nossa imagem espelhada no vidro\u201d, conclui.<\/p>\n<\/div>","protected":false},"excerpt":{"rendered":"<p>Jornalista Rudson Vieira fala sobre seu terceiro livro\u00a0em\u00a0\u00a0live que ser\u00e1 transmitida no s\u00e1bado (1\u00ba) pelo instagram \u00a0FOTO &#8211; O jornalista Rudson Vieira \u00e9 homenageado com o Trof\u00e9u Aplausos na festa da promoter Sayonara Calhau, em Governador Valaldares IPATINGA\u00a0\u2013 \u201cEnt\u00e3o vejo nascer uma nova hist\u00f3ria do tempo em que\u00a0se dizia \u201ceu te amo\u201d com sentido e [&hellip;]<\/p>\n","protected":false},"author":1,"featured_media":0,"comment_status":"closed","ping_status":"closed","sticky":false,"template":"","format":"standard","meta":[],"categories":[1],"tags":[],"_links":{"self":[{"href":"http:\/\/www.folhadocomercio.net.br\/index.php?rest_route=\/wp\/v2\/posts\/11920"}],"collection":[{"href":"http:\/\/www.folhadocomercio.net.br\/index.php?rest_route=\/wp\/v2\/posts"}],"about":[{"href":"http:\/\/www.folhadocomercio.net.br\/index.php?rest_route=\/wp\/v2\/types\/post"}],"author":[{"embeddable":true,"href":"http:\/\/www.folhadocomercio.net.br\/index.php?rest_route=\/wp\/v2\/users\/1"}],"replies":[{"embeddable":true,"href":"http:\/\/www.folhadocomercio.net.br\/index.php?rest_route=%2Fwp%2Fv2%2Fcomments&post=11920"}],"version-history":[{"count":4,"href":"http:\/\/www.folhadocomercio.net.br\/index.php?rest_route=\/wp\/v2\/posts\/11920\/revisions"}],"predecessor-version":[{"id":15659,"href":"http:\/\/www.folhadocomercio.net.br\/index.php?rest_route=\/wp\/v2\/posts\/11920\/revisions\/15659"}],"wp:attachment":[{"href":"http:\/\/www.folhadocomercio.net.br\/index.php?rest_route=%2Fwp%2Fv2%2Fmedia&parent=11920"}],"wp:term":[{"taxonomy":"category","embeddable":true,"href":"http:\/\/www.folhadocomercio.net.br\/index.php?rest_route=%2Fwp%2Fv2%2Fcategories&post=11920"},{"taxonomy":"post_tag","embeddable":true,"href":"http:\/\/www.folhadocomercio.net.br\/index.php?rest_route=%2Fwp%2Fv2%2Ftags&post=11920"}],"curies":[{"name":"wp","href":"https:\/\/api.w.org\/{rel}","templated":true}]}}