{"id":11942,"date":"2021-05-18T10:33:12","date_gmt":"2021-05-18T13:33:12","guid":{"rendered":"http:\/\/www.folhadocomercio.com.br\/folha-do-comercio\/?p=11942"},"modified":"2021-05-18T10:36:48","modified_gmt":"2021-05-18T13:36:48","slug":"cenibra-doa-itens-de-saude-para-hospitais-e-postos-de-saude-da-regiao","status":"publish","type":"post","link":"http:\/\/www.folhadocomercio.net.br\/?p=11942","title":{"rendered":"CENIBRA doa itens de sa\u00fade para hospitais e postos de sa\u00fade da regi\u00e3o"},"content":{"rendered":"<div class=\"bt_bb_wrapper\"><p style=\"font-weight: 400;\"><img loading=\"lazy\" class=\"size-medium wp-image-11944 alignright\" src=\"http:\/\/www.folhadocomercio.com.br\/folha-do-comercio\/wp-content\/uploads\/2021\/05\/VACINA-C-640x359.jpg\" alt=\"\" width=\"640\" height=\"359\" srcset=\"http:\/\/www.folhadocomercio.net.br\/wp-content\/uploads\/2021\/05\/VACINA-C-640x359.jpg 640w, http:\/\/www.folhadocomercio.net.br\/wp-content\/uploads\/2021\/05\/VACINA-C-1024x575.jpg 1024w, http:\/\/www.folhadocomercio.net.br\/wp-content\/uploads\/2021\/05\/VACINA-C-1280x719.jpg 1280w, http:\/\/www.folhadocomercio.net.br\/wp-content\/uploads\/2021\/05\/VACINA-C-320x180.jpg 320w\" sizes=\"(max-width: 640px) 100vw, 640px\" \/>A ades\u00e3o da CENIBRA \u00e0 campanha\u00a0<strong><em>Unidos pela Vacina(FOTO)<\/em><\/strong>, liderada pela FIEMG, foi imediata e espont\u00e2nea nos 54 munic\u00edpios onde atua. Por meio de um diagn\u00f3stico feito a partir do contato direto com prefeitos e secret\u00e1rios de sa\u00fade, a CENIBRA realizou a compra de materiais e equipamentos necess\u00e1rios \u00e0 vacina\u00e7\u00e3o da popula\u00e7\u00e3o e ao tratamento de pacientes da Covid-19.<\/p>\n<p style=\"font-weight: 400;\">Dentre eles, se destacam: c\u00e2maras frias,\u00a0freezers e caixas t\u00e9rmicas para conserva\u00e7\u00e3o ou manuseio de vacinas, bombas de infus\u00e3o, aparelhos de press\u00e3o arterial, cadeiras de rodas e macas para transporte de pacientes, aventais, toucas e m\u00e1scaras cir\u00fargicas, \u00e1lcool em gel, e ainda EPIs e materiais de limpeza.<\/p>\n<p style=\"font-weight: 400;\">Em virtude da pandemia, a demanda por estes equipamentos cresceu consideravelmente em todos os setores que buscam adquiri-los para uso nos estabelecimentos ou para doa\u00e7\u00e3o. Dessa forma, alguns destes equipamentos ser\u00e3o entregues at\u00e9 o m\u00eas de Junho\/2021, em raz\u00e3o de um prazo maior para a entrega solicitada pelos fornecedores.<\/p>\n<p style=\"font-weight: 400;\">De acordo com o Diretor Industrial e T\u00e9cnico, J\u00falio C\u00e9sar T\u00f4rres Ribeiro, a CENIBRA est\u00e1 engajada no apoio \u00e0 vacina\u00e7\u00e3o nos munic\u00edpios. \u201cMundialmente, um dos poucos pontos de consenso \u00e9 de que a vacina\u00e7\u00e3o \u00e9 a nossa maior esperan\u00e7a de controlar a pandemia. Digo controlar, pois mesmo ap\u00f3s a vacina\u00e7\u00e3o, n\u00e3o podemos abaixar a guarda. A luta contra o novo coronav\u00edrus \u00e9 de toda a sociedade. Cada um fazendo sua parte, com certeza, ser\u00e1 mais f\u00e1cil superar este desafio\u201d, afirmou.<\/p>\n<p style=\"font-weight: 400;\"><strong>Hist\u00f3rico<\/strong><\/p>\n<p style=\"font-weight: 400;\">Desde o in\u00edcio da pandemia do novo coronav\u00edrus, a CENIBRA implementou diversas a\u00e7\u00f5es para garantir a sa\u00fade e a seguran\u00e7a dos empregados e familiares. A partir destas medidas, a Empresa garantiu um ambiente de trabalho saud\u00e1vel e seguro para todos e manteve total apoio aos empregados contaminados pela Covid-19. Assim, a CENIBRA tornou-se uma refer\u00eancia no enfrentamento ao novo coronav\u00edrus. Em nenhum momento, as atividades florestais e industriais foram comprometidas, o que possibilitou a Empresa a estabelecer um novo recorde de produ\u00e7\u00e3o, em 2020.<\/p>\n<\/div>","protected":false},"excerpt":{"rendered":"<p>A ades\u00e3o da CENIBRA \u00e0 campanha\u00a0Unidos pela Vacina(FOTO), liderada pela FIEMG, foi imediata e espont\u00e2nea nos 54 munic\u00edpios onde atua. Por meio de um diagn\u00f3stico feito a partir do contato direto com prefeitos e secret\u00e1rios de sa\u00fade, a CENIBRA realizou a compra de materiais e equipamentos necess\u00e1rios \u00e0 vacina\u00e7\u00e3o da popula\u00e7\u00e3o e ao tratamento de [&hellip;]<\/p>\n","protected":false},"author":1,"featured_media":0,"comment_status":"closed","ping_status":"closed","sticky":false,"template":"","format":"standard","meta":[],"categories":[195],"tags":[],"_links":{"self":[{"href":"http:\/\/www.folhadocomercio.net.br\/index.php?rest_route=\/wp\/v2\/posts\/11942"}],"collection":[{"href":"http:\/\/www.folhadocomercio.net.br\/index.php?rest_route=\/wp\/v2\/posts"}],"about":[{"href":"http:\/\/www.folhadocomercio.net.br\/index.php?rest_route=\/wp\/v2\/types\/post"}],"author":[{"embeddable":true,"href":"http:\/\/www.folhadocomercio.net.br\/index.php?rest_route=\/wp\/v2\/users\/1"}],"replies":[{"embeddable":true,"href":"http:\/\/www.folhadocomercio.net.br\/index.php?rest_route=%2Fwp%2Fv2%2Fcomments&post=11942"}],"version-history":[{"count":3,"href":"http:\/\/www.folhadocomercio.net.br\/index.php?rest_route=\/wp\/v2\/posts\/11942\/revisions"}],"predecessor-version":[{"id":11946,"href":"http:\/\/www.folhadocomercio.net.br\/index.php?rest_route=\/wp\/v2\/posts\/11942\/revisions\/11946"}],"wp:attachment":[{"href":"http:\/\/www.folhadocomercio.net.br\/index.php?rest_route=%2Fwp%2Fv2%2Fmedia&parent=11942"}],"wp:term":[{"taxonomy":"category","embeddable":true,"href":"http:\/\/www.folhadocomercio.net.br\/index.php?rest_route=%2Fwp%2Fv2%2Fcategories&post=11942"},{"taxonomy":"post_tag","embeddable":true,"href":"http:\/\/www.folhadocomercio.net.br\/index.php?rest_route=%2Fwp%2Fv2%2Ftags&post=11942"}],"curies":[{"name":"wp","href":"https:\/\/api.w.org\/{rel}","templated":true}]}}