{"id":12082,"date":"2021-07-08T11:29:55","date_gmt":"2021-07-08T14:29:55","guid":{"rendered":"http:\/\/www.folhadocomercio.com.br\/folha-do-comercio\/?p=12082"},"modified":"2021-07-08T11:32:28","modified_gmt":"2021-07-08T14:32:28","slug":"programacao-hibrida-marca-retorno-gradativo-do-publico-ao-instituto-usiminas","status":"publish","type":"post","link":"http:\/\/www.folhadocomercio.net.br\/?p=12082","title":{"rendered":"Programa\u00e7\u00e3o h\u00edbrida marca retorno gradativo do p\u00fablico ao Instituto Usiminas"},"content":{"rendered":"<div class=\"bt_bb_wrapper\"><p><strong><img loading=\"lazy\" class=\"size-medium wp-image-12084 alignright\" src=\"http:\/\/www.folhadocomercio.com.br\/folha-do-comercio\/wp-content\/uploads\/2021\/07\/CONCERTO-640x427.jpg\" alt=\"\" width=\"640\" height=\"427\" srcset=\"http:\/\/www.folhadocomercio.net.br\/wp-content\/uploads\/2021\/07\/CONCERTO-640x427.jpg 640w, http:\/\/www.folhadocomercio.net.br\/wp-content\/uploads\/2021\/07\/CONCERTO-1024x683.jpg 1024w, http:\/\/www.folhadocomercio.net.br\/wp-content\/uploads\/2021\/07\/CONCERTO-1280x853.jpg 1280w, http:\/\/www.folhadocomercio.net.br\/wp-content\/uploads\/2021\/07\/CONCERTO-320x213.jpg 320w, http:\/\/www.folhadocomercio.net.br\/wp-content\/uploads\/2021\/07\/CONCERTO.jpg 1920w\" sizes=\"(max-width: 640px) 100vw, 640px\" \/>Reencontro unir\u00e1 eventos presenciais no jardim externo do Centro Cultural Usiminas,<\/strong><br \/>\n<strong>inicialmente limitados \u00e0 50 pessoas, com a transmiss\u00e3o ao vivo pelo YouTube<\/strong><\/p>\n<p>O jardim externo do Centro Cultural Usiminas ser\u00e1 palco do reencontro com o p\u00fablico na volta<br \/>\ngradativa da programa\u00e7\u00e3o presencial do Instituto Usiminas. O \u201cReencontro no Jardim\u201d,<br \/>\noferecer\u00e1, de forma h\u00edbrida, shows, conta\u00e7\u00f5es de hist\u00f3rias e atividades educativas realizados<br \/>\ncom a presen\u00e7a de at\u00e9 50 pessoas e transmiss\u00e3o ao vivo pelo canal no YouTube do Instituto<br \/>\nUsiminas.\u00a0O p\u00fablico dever\u00e1, obrigatoriamente, utilizar m\u00e1scaras e respeitar o distanciamento<br \/>\nde 2m entre os participantes.<br \/>\nRealizada com o patroc\u00ednio da Usiminas, por meio da Lei Federal de Incentivo \u00e0 Cultura, a<br \/>\nprograma\u00e7\u00e3o h\u00edbrida ser\u00e1 aberta nesta sexta-feira (09\/07), \u00e0s 20h, com o show\u00a0\u201cLuau no<br \/>\nSert\u00e3o\u201d, com S\u00e9rgio Biazin, Marcony Carvalho e Sofia Mangiarelli. O trio de mineiros promete<br \/>\napresentar uma experi\u00eancia intimista sobre o universo nordestino. A entrada \u00e9 gratuita,<br \/>\nmediante retirada de ingressos no site eventim.com.br.<br \/>\nPara a retomada das atra\u00e7\u00f5es presenciais no Instituto Usiminas, as medidas de\u00a0 biosseguran\u00e7a<br \/>\nser\u00e3o prioridade, afirma a\u00a0 diretora do Instituto Usiminas, Pen\u00e9lope Portugal. \u201cNos preparamos<br \/>\nmuito para que o reencontro com o nosso p\u00fablico seja especial e seguro. Estamos muito felizes<br \/>\ne prontos para os eventos presenciais no nosso Jardim, continuando a levar nossas<br \/>\natra\u00e7\u00f5es\u00a0tamb\u00e9m de forma virtual, para quem n\u00e3o puder estar conosco no Centro Cultural<br \/>\nUsiminas, inclusive o p\u00fablico de outras localidades que conheceu nossas atividades justamente<br \/>\nem raz\u00e3o da programa\u00e7\u00e3o virtual\u201d, frisa Pen\u00e9lope.<br \/>\nA Troca Solid\u00e1ria, a\u00e7\u00e3o realizada durante os percursos do Circuito Comunidade, tamb\u00e9m vai<br \/>\nfazer parte dos eventos realizados no jardim do Instituto Usiminas. Quem for prestigiar as<br \/>\natra\u00e7\u00f5es presenciais, ter\u00e1 a oportunidade de doar um litro de leite em troca de uma muda<br \/>\ncultivada no Viveiro de Mudas da Usiminas. As arrecada\u00e7\u00f5es ser\u00e3o destinadas para entidades<br \/>\ndo Vale do A\u00e7o.<\/p>\n<p>A\u00e7\u00e3o Educativa<br \/>\nA programa\u00e7\u00e3o da A\u00e7\u00e3o Educativa do Instituto Usiminas tamb\u00e9m ser\u00e1 retomada<br \/>\ngradativamente, com as atividades na forma h\u00edbrida e tradu\u00e7\u00e3o em Libras. O Arte para Beb\u00eas<br \/>\nser\u00e1 no s\u00e1bado (17\/07), \u00e0s 10h, com a interven\u00e7\u00e3o \u201cDescome\u00e7o\u201d, da Dama Espa\u00e7o Cultural. A<br \/>\natividade \u00e9 voltada para crian\u00e7as de tr\u00eas meses a tr\u00eas anos, acompanhados de um cuidador.<br \/>\nNo s\u00e1bado seguinte (24\/07), \u00e0s 15h, ser\u00e1 a vez da volta do\u00a0Arte para Terceira Idade, que trar\u00e1<br \/>\no bate-papo \u201cCaf\u00e9 com Mem\u00f3rias\u201d, com os personagens Carmelinda e Z\u00e9 Ant\u00f4nio, tamb\u00e9m do<br \/>\nDama Espa\u00e7o Cultural.<\/p>\n<p>A tarde do domingo (25\/07), \u00e0s 15h,\u00a0vai ser animada pela Conta\u00e7\u00e3o de Hist\u00f3rias \u201cCan\u00e7\u00f5es<br \/>\npara Brincar e ser Feliz\u201d, com o Quintal da Guegu\u00e9.\u00a0A programa\u00e7\u00e3o encerra no \u00faltimo s\u00e1bado<br \/>\ndo m\u00eas (31\/07) com o Arte em Fam\u00edlia \u201cArte e Sustentabilidade: Pintura com tintas<br \/>\nsustent\u00e1veis\u201d, conduzido pela artista pl\u00e1stica Rosane Dias, apresentando a tinta artesanal e<br \/>\nsustent\u00e1vel que tem como mat\u00e9ria-prima o agregado sider\u00fargico. As atividades s\u00e3o gratuitas,<br \/>\ncom vagas limitadas, mediante agendamento pelos telefones (31) 3822-2215 e (31) 98437-<br \/>\n3330, das 8h30 \u00e0s 17h.<br \/>\nInstituto Usiminas<br \/>\nAv. Pedro Linhares Gomes, 3.900-A, Shopping Vale do A\u00e7o<br \/>\n35160-290 Ipatinga MG<br \/>\nT 55 31 3822-3031<br \/>\nF 55 31 3822-2215<br \/>\nwww.institutousiminas.com<\/p>\n<p>Classifica\u00e7\u00e3o da informa\u00e7\u00e3o: Restrita<br \/>\nGrupo de Acesso: Destinat\u00e1rios deste e-mail<br \/>\nConcerto de Inverno<br \/>\nA Orquestra de C\u00e2mara Vale do A\u00e7o (MG) vai aquecer a noite de sexta-feira (30\/07), \u00e0s 20h,<br \/>\ncom o show de m\u00fasica instrumental \u201cConcerto de Inverno &#8211; Cl\u00e1ssicos do Rock\u201d, no Jardim<br \/>\nExterno do Centro Cultural Usiminas, tamb\u00e9m com transmiss\u00e3o ao vivo pelo Youtube Instituto<br \/>\nUsiminas. A entrada \u00e9 gratuita, mediante retirada de ingressos no site eventim.com.br.<\/p>\n<\/div>","protected":false},"excerpt":{"rendered":"<p>Reencontro unir\u00e1 eventos presenciais no jardim externo do Centro Cultural Usiminas, inicialmente limitados \u00e0 50 pessoas, com a transmiss\u00e3o ao vivo pelo YouTube O jardim externo do Centro Cultural Usiminas ser\u00e1 palco do reencontro com o p\u00fablico na volta gradativa da programa\u00e7\u00e3o presencial do Instituto Usiminas. O \u201cReencontro no Jardim\u201d, oferecer\u00e1, de forma h\u00edbrida, shows, [&hellip;]<\/p>\n","protected":false},"author":1,"featured_media":0,"comment_status":"closed","ping_status":"closed","sticky":false,"template":"","format":"standard","meta":[],"categories":[342],"tags":[],"_links":{"self":[{"href":"http:\/\/www.folhadocomercio.net.br\/index.php?rest_route=\/wp\/v2\/posts\/12082"}],"collection":[{"href":"http:\/\/www.folhadocomercio.net.br\/index.php?rest_route=\/wp\/v2\/posts"}],"about":[{"href":"http:\/\/www.folhadocomercio.net.br\/index.php?rest_route=\/wp\/v2\/types\/post"}],"author":[{"embeddable":true,"href":"http:\/\/www.folhadocomercio.net.br\/index.php?rest_route=\/wp\/v2\/users\/1"}],"replies":[{"embeddable":true,"href":"http:\/\/www.folhadocomercio.net.br\/index.php?rest_route=%2Fwp%2Fv2%2Fcomments&post=12082"}],"version-history":[{"count":2,"href":"http:\/\/www.folhadocomercio.net.br\/index.php?rest_route=\/wp\/v2\/posts\/12082\/revisions"}],"predecessor-version":[{"id":12085,"href":"http:\/\/www.folhadocomercio.net.br\/index.php?rest_route=\/wp\/v2\/posts\/12082\/revisions\/12085"}],"wp:attachment":[{"href":"http:\/\/www.folhadocomercio.net.br\/index.php?rest_route=%2Fwp%2Fv2%2Fmedia&parent=12082"}],"wp:term":[{"taxonomy":"category","embeddable":true,"href":"http:\/\/www.folhadocomercio.net.br\/index.php?rest_route=%2Fwp%2Fv2%2Fcategories&post=12082"},{"taxonomy":"post_tag","embeddable":true,"href":"http:\/\/www.folhadocomercio.net.br\/index.php?rest_route=%2Fwp%2Fv2%2Ftags&post=12082"}],"curies":[{"name":"wp","href":"https:\/\/api.w.org\/{rel}","templated":true}]}}