{"id":14314,"date":"2022-06-20T09:51:02","date_gmt":"2022-06-20T12:51:02","guid":{"rendered":"https:\/\/www.folhadocomercio.net.br\/?p=14314"},"modified":"2022-06-20T09:57:32","modified_gmt":"2022-06-20T12:57:32","slug":"usiminas-envolve-comunidade-em-debate-sobre-diversidade-e-inclusao","status":"publish","type":"post","link":"http:\/\/www.folhadocomercio.net.br\/?p=14314","title":{"rendered":"Usiminas envolve comunidade em debate sobre diversidade e inclus\u00e3o"},"content":{"rendered":"<div class=\"bt_bb_wrapper\"><div><img src=\"http:\/\/www.folhadocomercio.net.br\/wp-content\/uploads\/2022\/06\/ATIAGO.jpg\" \/><\/div>\n<div class=\"gE iv gt\">A Usiminas realiza, entre os dias 20 e 24 de junho, sua 3\u00aa Semana da Diversidade e Inclus\u00e3o. E nesta edi\u00e7\u00e3o, parte da programa\u00e7\u00e3o ser\u00e1 voltada para o p\u00fablico externo. A proposta da empresa \u00e9 ampliar o debate sobre o tema, que j\u00e1 vem sendo trabalhado internamente desde 2019, para o p\u00fablico em geral.<\/div>\n<div class=\"\">\n<div id=\":s9\" class=\"ii gt\">\n<div id=\":s8\" class=\"a3s aiL msg7273296021077481705\">\n<div dir=\"ltr\">\n<p>Na ter\u00e7a-feira, dia 21, \u00e0s 14h, representantes do Senai de Ipatinga far\u00e3o a palestra \u201cPessoas qualificadas para um presente e um futuro mais diverso e inclusivo nas organiza\u00e7\u00f5es\u201d, com transmiss\u00e3o ao vivo pelo canal da Usiminas no Youtube (<a href=\"https:\/\/www.youtube.com\/c\/UsiminasOficial\" target=\"_blank\" rel=\"noopener noreferrer\" data-saferedirecturl=\"https:\/\/www.google.com\/url?q=https:\/\/www.youtube.com\/c\/UsiminasOficial&amp;source=gmail&amp;ust=1655815551696000&amp;usg=AOvVaw2q1_JmhjJ2q5vFqT9zc9_R\">https:\/\/www.youtube.com\/c\/<wbr \/>UsiminasOficial<\/a>).\u00a0 Os participantes poder\u00e3o conhecer um pouco mais do que a Usiminas tem feito nos seus processos de Recrutamento, Sele\u00e7\u00e3o e Desenvolvimento para avan\u00e7ar na inclus\u00e3o de pessoas diversas e sobre a Plataforma Mundo Senai, que re\u00fane dezenas de cursos, oferece orienta\u00e7\u00e3o profissional e outros servi\u00e7os.<\/p>\n<p>&nbsp;<\/p>\n<p>Na quarta (22), \u00e0s 19h, quem estiver em Ipatinga poder\u00e1 assistir ao\u00a0<i>talk show<\/i> do comediante Thiago Carmona(FOTO), no Teatro do Centro Cultural Usiminas. Nesse espet\u00e1culo, Carmona ir\u00e1 conversar com o p\u00fablico sobre temas como preconceito, desafios, estere\u00f3tipos e supera\u00e7\u00e3o, como muito bom humor. A entrada \u00e9 gratuita, mediante a doa\u00e7\u00e3o de 1 kg de alimento n\u00e3o perec\u00edvel, e os interessados podem retirar os ingressos na bilheteria do Teatro ou pelo site Eventim. As doa\u00e7\u00f5es ser\u00e3o destinadas \u00e0 Apae de Ipatinga.<\/p>\n<p><b>\u00a0<\/b><b>3\u00ba Semana da Diversidade e Inclus\u00e3o da Usiminas<\/b><\/p>\n<ul type=\"disc\">\n<li>21\/06, ter\u00e7a-feira, \u00e0s 14h &#8211; Palestra \u201c\u201d, com Senai. Ao vivo no canal da Usiminas no YouTube.<\/li>\n<li>22\/06, quarta-feira, \u00e0s 19h &#8211; Talk Show com Thiago Carmona, no Teatro do Centro Cultural Usiminas Entrada gratuita mediante a doa\u00e7\u00e3o de 1 kg alimento n\u00e3o perec\u00edvel.<\/li>\n<\/ul>\n<\/div>\n<\/div>\n<\/div>\n<\/div>\n<\/div>","protected":false},"excerpt":{"rendered":"<p>A Usiminas realiza, entre os dias 20 e 24 de junho, sua 3\u00aa Semana da Diversidade e Inclus\u00e3o. E nesta edi\u00e7\u00e3o, parte da programa\u00e7\u00e3o ser\u00e1 voltada para o p\u00fablico externo. A proposta da empresa \u00e9 ampliar o debate sobre o tema, que j\u00e1 vem sendo trabalhado internamente desde 2019, para o p\u00fablico em geral. Na [&hellip;]<\/p>\n","protected":false},"author":1,"featured_media":0,"comment_status":"closed","ping_status":"closed","sticky":false,"template":"","format":"aside","meta":[],"categories":[194],"tags":[],"_links":{"self":[{"href":"http:\/\/www.folhadocomercio.net.br\/index.php?rest_route=\/wp\/v2\/posts\/14314"}],"collection":[{"href":"http:\/\/www.folhadocomercio.net.br\/index.php?rest_route=\/wp\/v2\/posts"}],"about":[{"href":"http:\/\/www.folhadocomercio.net.br\/index.php?rest_route=\/wp\/v2\/types\/post"}],"author":[{"embeddable":true,"href":"http:\/\/www.folhadocomercio.net.br\/index.php?rest_route=\/wp\/v2\/users\/1"}],"replies":[{"embeddable":true,"href":"http:\/\/www.folhadocomercio.net.br\/index.php?rest_route=%2Fwp%2Fv2%2Fcomments&post=14314"}],"version-history":[{"count":2,"href":"http:\/\/www.folhadocomercio.net.br\/index.php?rest_route=\/wp\/v2\/posts\/14314\/revisions"}],"predecessor-version":[{"id":14317,"href":"http:\/\/www.folhadocomercio.net.br\/index.php?rest_route=\/wp\/v2\/posts\/14314\/revisions\/14317"}],"wp:attachment":[{"href":"http:\/\/www.folhadocomercio.net.br\/index.php?rest_route=%2Fwp%2Fv2%2Fmedia&parent=14314"}],"wp:term":[{"taxonomy":"category","embeddable":true,"href":"http:\/\/www.folhadocomercio.net.br\/index.php?rest_route=%2Fwp%2Fv2%2Fcategories&post=14314"},{"taxonomy":"post_tag","embeddable":true,"href":"http:\/\/www.folhadocomercio.net.br\/index.php?rest_route=%2Fwp%2Fv2%2Ftags&post=14314"}],"curies":[{"name":"wp","href":"https:\/\/api.w.org\/{rel}","templated":true}]}}