{"id":14318,"date":"2022-06-20T11:52:21","date_gmt":"2022-06-20T14:52:21","guid":{"rendered":"https:\/\/www.folhadocomercio.net.br\/?p=14318"},"modified":"2022-06-20T11:53:23","modified_gmt":"2022-06-20T14:53:23","slug":"14318","status":"publish","type":"post","link":"http:\/\/www.folhadocomercio.net.br\/?p=14318","title":{"rendered":"Jos\u00e9 Mauro Coelho pede demiss\u00e3o do cargo de presidente da Petrobras"},"content":{"rendered":"<div class=\"bt_bb_wrapper\"><div class=\"col-lg-12 mb-3\">\n<div class=\"post-image\"><a href=\"https:\/\/agenciabrasil.ebc.com.br\/economia\/noticia\/2022-06\/jose-mauro-coelho-pede-demissao-do-cargo-de-presidente-da-petrobras#\"><img id=\"media-269511\" class=\"rounded-lg shadow-sm w-100\" title=\"Valter Campanato\/Ag\u00eancia Brasil\" src=\"https:\/\/imagens.ebc.com.br\/fH4sW03nr-cWa3gB_q8aYy2RDd4=\/1170x700\/smart\/https:\/\/agenciabrasil.ebc.com.br\/sites\/default\/files\/thumbnails\/image\/brasil_em_pauta_0110211350.jpg?itok=5jhCdtES\" alt=\"O secret\u00e1rio de Petr\u00f3leo, G\u00e1s e Biocombust\u00edveis do MME, Jos\u00e9 Mauro Coelho, participa do programa Brasil em Pauta na TV Brasil\" \/>\u00a9 Valter Campanato\/Ag\u00eancia Brasil<\/a><\/div>\n<\/div>\n<div class=\"col-lg-12 mb-3\">\n<div class=\"row\">\n<div class=\"col-10 offset-1 animated fadeInDown dealy-1100 alt-font text-center\"><\/div>\n<h3 class=\"col-10 offset-1 animated fadeInDown dealy-900 display-8 display-md-8 alt-font font-italic my-1 text-center\">Ele tamb\u00e9m renunciou ao cargo de membro do Conselho de Administra\u00e7\u00e3o<\/h3>\n<\/div>\n<ul class=\"divider social-icons si-border round si-colored-bg-on-hover my-3\">\u00a0Publicado em 20\/06\/2022 &#8211; 10:59 Por Ana Cristina Campos* \u2013 Rep\u00f3rter da Ag\u00eancia Brasil &#8211; Rio de Janeiro<\/ul>\n<\/div>\n<div class=\"col-xl-7 offset-xl-1 col-lg-8 offset-lg-0 col-md-10 offset-md-1 mb-3\">\n<div class=\"post-item alt-font\">\n<div class=\"post-item-wrap\">\n<p>A Petrobras informou\u00a0hoje\u00a0(20) que Jos\u00e9 Mauro Coelho pediu demiss\u00e3o do cargo de presidente da empresa e renunciou ao cargo de membro do Conselho de Administra\u00e7\u00e3o da estatal nesta manh\u00e3.<img src=\"https:\/\/agenciabrasil.ebc.com.br\/ebc.png?id=1466528&amp;o=node\" \/><img src=\"https:\/\/agenciabrasil.ebc.com.br\/ebc.gif?id=1466528&amp;o=node\" \/><\/p>\n<p>\u201cA nomea\u00e7\u00e3o de um presidente interino ser\u00e1 examinada pelo Conselho de Administra\u00e7\u00e3o da Petrobras a partir de agora\u201d, diz o comunicado da companhia.<\/p>\n<p>Segundo o estatuto da Petrobras, o presidente interino \u00e9 escolhido entre os diretores da empresa no caso de ren\u00fancia.<\/p>\n<p>No dia\u00a023 de maio, o Minist\u00e9rio de Minas e Energia informou que o governo federal, como acionista controlador da Petrobras, tinha decidido pela troca do\u00a0<a href=\"https:\/\/agenciabrasil.ebc.com.br\/economia\/noticia\/2022-05\/governo-federal-troca-presidente-da-petrobras\" target=\"_blank\" rel=\"noopener\">presidente da estatal<\/a>.<\/p>\n<p>\u00c0 \u00e9poca, o governo anunciou que\u00a0Jos\u00e9 Mauro Coelho, que assumiu o cargo no dia\u00a014 de abril, seria\u00a0substitu\u00eddo por Caio M\u00e1rio Paes de Andrade.<\/p>\n<p>O novo nome indicado pelo governo precisa ser aprovado pelo Comit\u00ea de Pessoas da Petrobras que faz a avalia\u00e7\u00e3o de curr\u00edculo<\/p>\n<p>Depois, tem que ser eleito\u00a0na Assembleia Geral Ordin\u00e1ria da empresa.\u00a0 Ap\u00f3s essa etapa,\u00a0ainda\u00a0ter\u00e1 seu nome submetido ao Conselho de Administra\u00e7\u00e3o da companhia, onde precisar\u00e1 ser aprovado<\/p>\n<\/div>\n<\/div>\n<\/div>\n<\/div>","protected":false},"excerpt":{"rendered":"<p>\u00a9 Valter Campanato\/Ag\u00eancia Brasil Ele tamb\u00e9m renunciou ao cargo de membro do Conselho de Administra\u00e7\u00e3o \u00a0Publicado em 20\/06\/2022 &#8211; 10:59 Por Ana Cristina Campos* \u2013 Rep\u00f3rter da Ag\u00eancia Brasil &#8211; Rio de Janeiro A Petrobras informou\u00a0hoje\u00a0(20) que Jos\u00e9 Mauro Coelho pediu demiss\u00e3o do cargo de presidente da empresa e renunciou ao cargo de membro do [&hellip;]<\/p>\n","protected":false},"author":1,"featured_media":0,"comment_status":"closed","ping_status":"closed","sticky":false,"template":"","format":"aside","meta":[],"categories":[2],"tags":[],"_links":{"self":[{"href":"http:\/\/www.folhadocomercio.net.br\/index.php?rest_route=\/wp\/v2\/posts\/14318"}],"collection":[{"href":"http:\/\/www.folhadocomercio.net.br\/index.php?rest_route=\/wp\/v2\/posts"}],"about":[{"href":"http:\/\/www.folhadocomercio.net.br\/index.php?rest_route=\/wp\/v2\/types\/post"}],"author":[{"embeddable":true,"href":"http:\/\/www.folhadocomercio.net.br\/index.php?rest_route=\/wp\/v2\/users\/1"}],"replies":[{"embeddable":true,"href":"http:\/\/www.folhadocomercio.net.br\/index.php?rest_route=%2Fwp%2Fv2%2Fcomments&post=14318"}],"version-history":[{"count":2,"href":"http:\/\/www.folhadocomercio.net.br\/index.php?rest_route=\/wp\/v2\/posts\/14318\/revisions"}],"predecessor-version":[{"id":14320,"href":"http:\/\/www.folhadocomercio.net.br\/index.php?rest_route=\/wp\/v2\/posts\/14318\/revisions\/14320"}],"wp:attachment":[{"href":"http:\/\/www.folhadocomercio.net.br\/index.php?rest_route=%2Fwp%2Fv2%2Fmedia&parent=14318"}],"wp:term":[{"taxonomy":"category","embeddable":true,"href":"http:\/\/www.folhadocomercio.net.br\/index.php?rest_route=%2Fwp%2Fv2%2Fcategories&post=14318"},{"taxonomy":"post_tag","embeddable":true,"href":"http:\/\/www.folhadocomercio.net.br\/index.php?rest_route=%2Fwp%2Fv2%2Ftags&post=14318"}],"curies":[{"name":"wp","href":"https:\/\/api.w.org\/{rel}","templated":true}]}}