{"id":14912,"date":"2023-08-31T17:01:06","date_gmt":"2023-08-31T20:01:06","guid":{"rendered":"https:\/\/www.folhadocomercio.net.br\/?p=14912"},"modified":"2023-08-31T17:10:02","modified_gmt":"2023-08-31T20:10:02","slug":"zema-homenageia-cenibra","status":"publish","type":"post","link":"http:\/\/www.folhadocomercio.net.br\/?p=14912","title":{"rendered":"ZEMA HOMENAGEIA CENIBRA"},"content":{"rendered":"<div class=\"bt_bb_wrapper\"><p><img src=\"http:\/\/www.folhadocomercio.net.br\/wp-content\/uploads\/2023\/08\/ACZEMA.jpeg\" \/><\/p>\n<p><strong>Legenda da foto:<\/strong> Takashi Nakajima e Romeu Zema, na Cidade Administrativa, celebram os 50anos da CENIBRA<\/p>\n<p>O governador Romeu Zema recebeu diretores da CENIBRA para reafirmar a parceria da<br \/>\nEmpresa para o desenvolvimento do territ\u00f3rio. Participaram o Diretor-Presidente Executivo,<br \/>\nTakashi Nakajima, e o Diretor T\u00e9cnico, Industrial e Florestal, J\u00falio C\u00e9sar T\u00f4rres Ribeiro. A<br \/>\nreuni\u00e3o ocorreu na Cidade na Cidade Administrativa, em Belo Horizonte, nessa quarta-feira,<br \/>\n30\/8. Na oportunidade, o painel da Cidade Administrativa registrou o anivers\u00e1rio de 50 anos<br \/>\nda CENIBRA, como forma de homenagem.<br \/>\nA Empresa<br \/>\nConstitu\u00edda em 13 de setembro de 1973 e localizada no leste de Minas Gerais, a Celulose Nipo-<br \/>\nBrasileira S.A. (CENIBRA) opera com uma unidade industrial no munic\u00edpio de Belo Oriente<br \/>\n(MG), com duas linhas de produ\u00e7\u00e3o de celulose branqueada de fibra curta de eucalipto e<br \/>\ncapacidade instalada de 1.200.000 toneladas\/ano. A Empresa est\u00e1 presente em mais de 80<br \/>\nmunic\u00edpios mineiros, com cerca de 7 mil empregos diretos.<\/p>\n<p>&nbsp;<\/p>\n<\/div>","protected":false},"excerpt":{"rendered":"<p>Legenda da foto: Takashi Nakajima e Romeu Zema, na Cidade Administrativa, celebram os 50anos da CENIBRA O governador Romeu Zema recebeu diretores da CENIBRA para reafirmar a parceria da Empresa para o desenvolvimento do territ\u00f3rio. Participaram o Diretor-Presidente Executivo, Takashi Nakajima, e o Diretor T\u00e9cnico, Industrial e Florestal, J\u00falio C\u00e9sar T\u00f4rres Ribeiro. A reuni\u00e3o ocorreu [&hellip;]<\/p>\n","protected":false},"author":1,"featured_media":0,"comment_status":"closed","ping_status":"closed","sticky":false,"template":"","format":"aside","meta":[],"categories":[195],"tags":[],"_links":{"self":[{"href":"http:\/\/www.folhadocomercio.net.br\/index.php?rest_route=\/wp\/v2\/posts\/14912"}],"collection":[{"href":"http:\/\/www.folhadocomercio.net.br\/index.php?rest_route=\/wp\/v2\/posts"}],"about":[{"href":"http:\/\/www.folhadocomercio.net.br\/index.php?rest_route=\/wp\/v2\/types\/post"}],"author":[{"embeddable":true,"href":"http:\/\/www.folhadocomercio.net.br\/index.php?rest_route=\/wp\/v2\/users\/1"}],"replies":[{"embeddable":true,"href":"http:\/\/www.folhadocomercio.net.br\/index.php?rest_route=%2Fwp%2Fv2%2Fcomments&post=14912"}],"version-history":[{"count":4,"href":"http:\/\/www.folhadocomercio.net.br\/index.php?rest_route=\/wp\/v2\/posts\/14912\/revisions"}],"predecessor-version":[{"id":14917,"href":"http:\/\/www.folhadocomercio.net.br\/index.php?rest_route=\/wp\/v2\/posts\/14912\/revisions\/14917"}],"wp:attachment":[{"href":"http:\/\/www.folhadocomercio.net.br\/index.php?rest_route=%2Fwp%2Fv2%2Fmedia&parent=14912"}],"wp:term":[{"taxonomy":"category","embeddable":true,"href":"http:\/\/www.folhadocomercio.net.br\/index.php?rest_route=%2Fwp%2Fv2%2Fcategories&post=14912"},{"taxonomy":"post_tag","embeddable":true,"href":"http:\/\/www.folhadocomercio.net.br\/index.php?rest_route=%2Fwp%2Fv2%2Ftags&post=14912"}],"curies":[{"name":"wp","href":"https:\/\/api.w.org\/{rel}","templated":true}]}}