{"id":15632,"date":"2024-07-09T11:48:08","date_gmt":"2024-07-09T14:48:08","guid":{"rendered":"https:\/\/www.folhadocomercio.net.br\/?p=15632"},"modified":"2024-07-09T11:51:47","modified_gmt":"2024-07-09T14:51:47","slug":"filme-sobre-o-congado-de-jaguaracu","status":"publish","type":"post","link":"http:\/\/www.folhadocomercio.net.br\/?p=15632","title":{"rendered":"Filme sobre o Congado de Jaguara\u00e7u"},"content":{"rendered":"<div class=\"bt_bb_wrapper\"><p><img src=\"http:\/\/www.folhadocomercio.net.br\/wp-content\/uploads\/2024\/07\/CONGADO-1280x720.jpg\" \/><\/p>\n<p><b>\u00a0<\/b><b>Jaguara\u00e7u &#8211;\u00a0<\/b>Na sexta-feira (12), \u00e0s 20h, foi o lan\u00e7amento oficial do document\u00e1rio \u201cCantos e Ladainhas do Congado de Jaguara\u00e7u\u201d, como parte da programa\u00e7\u00e3o da tradicional Festa do Ros\u00e1rio de Jaguara\u00e7u. A exibi\u00e7\u00e3o \u00e9 gratuita e acontece na rua do Ros\u00e1rio, 351, Centro, em frente a casa da Dona Lilica. A iniciativa \u00e9 do artista, historiador e capit\u00e3o da guarda de Congado, Jailton Laurindo, por meio da Lei Paulo Gustavo da Prefeitura de Jaguara\u00e7u.<\/p>\n<p>Na \u00faltima segunda-feira (8\/7), aconteceu o pr\u00e9-lan\u00e7amento do document\u00e1rio para alunos e professores da Escola Municipal Coronel Fel\u00edcio Miranda, em Lagoa do Pau, em Jaguara\u00e7u. Na oportunidade, foi realizado um bate-papo sobre o processo de produ\u00e7\u00e3o do filme.<\/p>\n<p><b>Cantos e ladainhas<\/b><\/p>\n<p>O filme aborda os cantos sagrados do Grupo Folcl\u00f3rico do Congado de Nossa Senhora do Ros\u00e1rio de Jaguara\u00e7u, que s\u00e3o repassados de gera\u00e7\u00e3o em gera\u00e7\u00e3o, por meio da tradi\u00e7\u00e3o oral, construindo novas identidades e significados. A narrativa do document\u00e1rio \u00e9 constru\u00edda por depoimentos dos congadeiros, dos mais experientes aos novos integrantes.<\/p>\n<p>\u201cO canto e as ladainhas pertencem \u00e0 mem\u00f3ria coletiva da comunidade e nasceram em torno da f\u00e9, da ancestralidade negra e dos tropeiros. Para cada canto entoado, existe um rito e um simbolismo que remete aos tempos do cativeiro, da liberdade, amor pela terra e a Nossa Senhora do Ros\u00e1rio\u201d, explica o capit\u00e3o da guarda de Congado, Jailton Laurindo.<\/p>\n<p>Ainda segundo o capit\u00e3o, participar do Congado, ao longo dos \u00faltimos anos, abriu sua percep\u00e7\u00e3o para a import\u00e2ncia e for\u00e7a dessa tradi\u00e7\u00e3o. \u201cEsse document\u00e1rio \u00e9 uma forma de registrar nossa mem\u00f3ria, nossa hist\u00f3ria, para que o Congado permane\u00e7a vivo pelas na comunidade pelas pr\u00f3ximas gera\u00e7\u00f5es. E lan\u00e7ar esse filme da Festa do Ros\u00e1rio representa um presente \u00e0 Nossa Senhora e a comunidade\u201d, comemora Jailton Laurindo.<\/p>\n<p><b>\u00a0<\/b><b>Equipe<\/b><\/p>\n<p>O document\u00e1rio tem dire\u00e7\u00e3o de Jailton Laurindo, produ\u00e7\u00e3o de R\u00f4mulo Amaral, pesquisa hist\u00f3rica e roteiro de Roberta Rocha, imagens e edi\u00e7\u00e3o de Jaydson Sousa (Naga), fotos e arte gr\u00e1fica de Teuller Morais e cenografia de Herlon Duarte. Tamb\u00e9m conta com apoio do Grupo Folcl\u00f3rico do Congado de Nossa Senhora do Ros\u00e1rio de Jaguara\u00e7u, Borboleta Editora, Casa 28 Aberta, Lizard Filmes, Catavento, Galeria Olho e Escola Municipal Coronel Fel\u00edcio Miranda. A realiza\u00e7\u00e3o \u00e9 da Prefeitura de Jaguara\u00e7u por meio da Lei Paulo Gustavo.<\/p>\n<p><b>Festa do Ros\u00e1rio<\/b><\/p>\n<p>A programa\u00e7\u00e3o da Festa do Ros\u00e1rio iniciou no dia 5 de julho, com novena, e segue at\u00e9 o domingo (14), quando a guarda do Congado de Jaguara\u00e7u receber\u00e1 guardas de congado de outras cidades para missa festiva de celebra\u00e7\u00e3o \u00e0 Nossa Senhora do Ros\u00e1rio.<\/p>\n<\/div>","protected":false},"excerpt":{"rendered":"<p>\u00a0Jaguara\u00e7u &#8211;\u00a0Na sexta-feira (12), \u00e0s 20h, foi o lan\u00e7amento oficial do document\u00e1rio \u201cCantos e Ladainhas do Congado de Jaguara\u00e7u\u201d, como parte da programa\u00e7\u00e3o da tradicional Festa do Ros\u00e1rio de Jaguara\u00e7u. A exibi\u00e7\u00e3o \u00e9 gratuita e acontece na rua do Ros\u00e1rio, 351, Centro, em frente a casa da Dona Lilica. A iniciativa \u00e9 do artista, historiador [&hellip;]<\/p>\n","protected":false},"author":1,"featured_media":0,"comment_status":"closed","ping_status":"closed","sticky":false,"template":"","format":"aside","meta":[],"categories":[2],"tags":[],"_links":{"self":[{"href":"http:\/\/www.folhadocomercio.net.br\/index.php?rest_route=\/wp\/v2\/posts\/15632"}],"collection":[{"href":"http:\/\/www.folhadocomercio.net.br\/index.php?rest_route=\/wp\/v2\/posts"}],"about":[{"href":"http:\/\/www.folhadocomercio.net.br\/index.php?rest_route=\/wp\/v2\/types\/post"}],"author":[{"embeddable":true,"href":"http:\/\/www.folhadocomercio.net.br\/index.php?rest_route=\/wp\/v2\/users\/1"}],"replies":[{"embeddable":true,"href":"http:\/\/www.folhadocomercio.net.br\/index.php?rest_route=%2Fwp%2Fv2%2Fcomments&post=15632"}],"version-history":[{"count":2,"href":"http:\/\/www.folhadocomercio.net.br\/index.php?rest_route=\/wp\/v2\/posts\/15632\/revisions"}],"predecessor-version":[{"id":15635,"href":"http:\/\/www.folhadocomercio.net.br\/index.php?rest_route=\/wp\/v2\/posts\/15632\/revisions\/15635"}],"wp:attachment":[{"href":"http:\/\/www.folhadocomercio.net.br\/index.php?rest_route=%2Fwp%2Fv2%2Fmedia&parent=15632"}],"wp:term":[{"taxonomy":"category","embeddable":true,"href":"http:\/\/www.folhadocomercio.net.br\/index.php?rest_route=%2Fwp%2Fv2%2Fcategories&post=15632"},{"taxonomy":"post_tag","embeddable":true,"href":"http:\/\/www.folhadocomercio.net.br\/index.php?rest_route=%2Fwp%2Fv2%2Ftags&post=15632"}],"curies":[{"name":"wp","href":"https:\/\/api.w.org\/{rel}","templated":true}]}}