{"id":7128,"date":"2018-11-11T09:28:34","date_gmt":"2018-11-11T11:28:34","guid":{"rendered":"http:\/\/www.folhadocomercio.com.br\/folha-do-comercio\/?p=7128"},"modified":"2018-11-11T09:29:13","modified_gmt":"2018-11-11T11:29:13","slug":"conheca-o-polemico-onyx-lorenzoni-futuro-ministro-de-bolsonaro","status":"publish","type":"post","link":"http:\/\/www.folhadocomercio.net.br\/?p=7128","title":{"rendered":"Conhe\u00e7a o pol\u00eamico Onyx Lorenzoni, futuro ministro de Bolsonaro"},"content":{"rendered":"<div class=\"bt_bb_wrapper\"><div class=\"nm-custom-decoration politica\"><\/div>\n<h2 class=\"news-subheadline\">Apoiado pela ind\u00fastria de armas, pol\u00edtico \u00e9 antipetista ferrenho, se diz contra &#8216;ideologia de g\u00eanero&#8217; e &#8216;sexualiza\u00e7\u00e3o de crian\u00e7as&#8217; e j\u00e1 associou ativismo LGBT a pedofilia<\/h2>\n<div class=\"news-main-image \"><picture><source srcset=\"https:\/\/static.noticiasaominuto.com.br\/stockimages\/640\/naom_5bdcec2ce3a58.jpg?1541929132\" media=\"(max-width: 640px)\" \/><source srcset=\"https:\/\/static.noticiasaominuto.com.br\/stockimages\/960\/naom_5bdcec2ce3a58.jpg?1541929132\" media=\"(max-width: 960px)\" \/><img class=\"img-responsive\" src=\"https:\/\/static.noticiasaominuto.com.br\/stockimages\/1920\/naom_5bdcec2ce3a58.jpg?1541929132\" alt=\"Conhe\u00e7a o pol\u00eamico Onyx Lorenzoni, futuro ministro de Bolsonaro\" \/><\/picture><\/div>\n<div class=\"row\">\n<div class=\"col-lg-12 col-md-12 col-sm-12 col-xs-12\">\n<p class=\"news-main-image-copyright text-left\">\u00a9 Tomaz Silva\/Ag. Brasil<\/p>\n<\/div>\n<\/div>\n<div class=\"row news-info-container no-margin\">\n<div class=\"col-lg-6 col-md-6 col-sm-6 col-xs-12 no-padding\">\n<p class=\"news-info-tag\"><span class=\"news_capital_letter\">V<\/span>eterano de quatro mandatos no Congresso e futuro ministro da Casa Civil, Onyx Lorenzoni (DEM-RS), a exemplo do presidente eleito, n\u00e3o tem hist\u00f3rico de aprova\u00e7\u00e3o de projetos relevantes na C\u00e2mara. Concentrou sua atua\u00e7\u00e3o pol\u00edtica em dois eixos: a oposi\u00e7\u00e3o ao PT e a defesa das armas.<\/p>\n<\/div>\n<\/div>\n<div class=\"row news-main-text-container\">\n<div class=\"col-lg-12 col-md-12 col-sm-12 col-xs-12\">\n<div class=\"news-main-text\">\n<div class=\"pub-container inside-news\">\n<div class=\"pub-space\">Em elei\u00e7\u00f5es de 2002 a 2014, 12% de suas receitas de campanha vieram de empresas de armas, com as quais manteve rela\u00e7\u00e3o pr\u00f3xima.<\/div>\n<\/div>\n<p>Uma de suas bandeiras \u00e9 a modifica\u00e7\u00e3o do Estatuto do Desarmamento, que tende a ser uma das primeiras iniciativas do governo Bolsonaro. O deputado apresentou uma s\u00e9rie de projetos, por exemplo, para permitir que as pol\u00edcias estaduais atuem na libera\u00e7\u00e3o de licen\u00e7as -e n\u00e3o s\u00f3 a PF, como \u00e9 atualmente.<\/p>\n<p>Veterin\u00e1rio, Onyx, 64, disse em 2016 que adquiriu armas ap\u00f3s passar por uma &#8220;situa\u00e7\u00e3o de gravidade&#8221;, que n\u00e3o detalha: &#8220;Isso j\u00e1 tem quase 30 anos, eu nunca mais deixei de estar acompanhado de uma arma que sempre trouxe seguran\u00e7a e prote\u00e7\u00e3o para a minha fam\u00edlia.&#8221;<\/p>\n<p>S\u00e3o v\u00e1rias propostas antenadas com o bolsonarismo, como a amplia\u00e7\u00e3o dos excludentes de ilicitude (evita que virem crimes situa\u00e7\u00f5es de leg\u00edtima defesa ou a\u00e7\u00e3o de for\u00e7as de seguran\u00e7a) e a flexibiliza\u00e7\u00e3o da posse de armamentos.<\/p>\n<p>Entre outros projetos nessa linha, est\u00e3o propostas para aumentar a licen\u00e7a para at\u00e9 tr\u00eas armas, a cria\u00e7\u00e3o do &#8220;porte rural de arma de fogo&#8221; e a possibilidade de emiss\u00e3o de autoriza\u00e7\u00e3o a quem responde a inqu\u00e9ritos ou processos penais.<\/p>\n<p>A rela\u00e7\u00e3o de Onyx com Bolsonaro vem desde o in\u00edcio dos seus mandatos. Os dois estiveram na linha de frente do bloco parlamentar que coordenou a vitoriosa campanha contra o desarmamento no referendo promovido em 2005.<\/p>\n<p>Tamb\u00e9m naquele ano, Onyx havia obtido proje\u00e7\u00e3o nacional ao integrar a CPI dos Correios, uma das que apuraram o esc\u00e2ndalo do mensal\u00e3o.<\/p>\n<p>O forte vi\u00e9s antipetista j\u00e1 havia se revelado anos antes no \u00e2mbito regional. Como deputado estadual, foi ferrenho opositor do governo do petista Ol\u00edvio Dutra no Rio Grande do Sul (1999-2002), que passou por turbul\u00eancias como uma investiga\u00e7\u00e3o sobre a rela\u00e7\u00e3o do partido com bicheiros.<\/p>\n<p>Dessa experi\u00eancia, o novo ministro escreveu um livro, batizado de &#8220;500 Dias do PT no Governo S\u00e3o Outros 500&#8221;. Com o passar dos anos, sua bibliografia antipetista ganhou tr\u00eas novos volumes, o \u00faltimo deles publicado neste ano -&#8220;A M\u00e1fia da Estrela: Ascens\u00e3o e Queda do Imp\u00e9rio Petista&#8221;.<\/p>\n<p>Nada disso o impediu de ter boa rela\u00e7\u00e3o com o PDT, partido de quem foi aliado em 2014 e legenda de seu suplente na C\u00e2mara. O novo chefe da Casa Civil j\u00e1 prestou homenagens a Leonel Brizola, fundador do PDT e \u00edcone da esquerda.<\/p>\n<p>Em meio \u00e0 aproxima\u00e7\u00e3o com o capit\u00e3o reformado, encampou o discurso do perigo &#8220;comunista&#8221; e do risco da &#8220;p\u00e1tria grande&#8221; latino-americana -a uni\u00e3o com outros governos de esquerda.<\/p>\n<p>Tamb\u00e9m passou a enfatizar quest\u00f5es de moral e costumes. Em 2017, ap\u00f3s uma exposi\u00e7\u00e3o de arte sobre diversidade ter sido suspensa diante de cr\u00edticas de movimentos conservadores, ele apresentou um projeto propondo a criminaliza\u00e7\u00e3o da utiliza\u00e7\u00e3o de recursos p\u00fablicos em projetos que &#8220;promovam a sexualiza\u00e7\u00e3o precoce de crian\u00e7as&#8221;.<\/p>\n<p>Em discurso no plen\u00e1rio, naquela \u00e9poca, mencionou uma mobiliza\u00e7\u00e3o internacional que passava pela ONU para promover a &#8220;ideologia de g\u00eanero&#8221; tendo em vista o controle populacional. &#8220;N\u00e3o h\u00e1 separa\u00e7\u00e3o entre ideologia de g\u00eanero, agenda LGBT, feministas e ped\u00f3filos&#8221;, disse ele na ocasi\u00e3o.<\/p>\n<p>Procurado para comentar o assunto, ele n\u00e3o respondeu.<\/p>\n<p>Desde o ano passado, Onyx j\u00e1 vinha atuando na articula\u00e7\u00e3o da candidatura de Bolsonaro. O seu partido, o DEM, ainda vinha cogitando lan\u00e7ar o atual presidente da C\u00e2mara, Rodrigo Maia (RJ), \u00e0 Presid\u00eancia, mas o ga\u00facho j\u00e1 comunicara que marcharia em 2018 com o militar reformado.<\/p>\n<p>Durante a pr\u00e9-campanha, Maia previu atritos entre o dissidente de seu partido e o ent\u00e3o candidato do PSL. &#8220;Ele [Onyx] \u00e9 muito mais liberal que o pr\u00f3prio partido hoje. E Bolsonaro \u00e9 um pol\u00edtico que defende uma pol\u00edtica de mais interven\u00e7\u00e3o do estado. Foi assim que votou a vida inteira, em algum momento vai ter uma diverg\u00eancia.&#8221;<\/p>\n<p>Maia, na ocasi\u00e3o, mencionou que Onyx j\u00e1 havia sido contra o ingresso do partido em uma rede internacional da corrente Democracia Crist\u00e3, defendendo a perman\u00eancia no movimento &#8220;Internacional Liberal&#8221;.<\/p>\n<p>O per\u00edodo anterior \u00e0 campanha eleitoral ainda rendeu visibilidade pela relatoria do projeto de Medidas contra a Corrup\u00e7\u00e3o, que acabou n\u00e3o sendo aprovado, mas tamb\u00e9m proporcionou a sua pior pend\u00eancia com a Justi\u00e7a. Em 2017, com a dela\u00e7\u00e3o da JBS, ele confessou que recebeu R$ 100 mil de caixa dois do grupo na elei\u00e7\u00e3o de 2014.<\/p>\n<p>Onyx comanda o diret\u00f3rio ga\u00facho do DEM desde a d\u00e9cada passada e tem sido praticamente o \u00fanico integrante de destaque no estado.<\/p>\n<p>Em 2015, o novo chefe da Casa Civil conseguiu emplacar seu filho Rodrigo Lorenzoni, 39, em uma diretoria de uma funda\u00e7\u00e3o no governo de Jos\u00e9 Ivo Sartori (MDB).<\/p>\n<p>Neste ano, Rodrigo tentou a Assembleia ga\u00facha, mas n\u00e3o se elegeu. Fez 17 mil votos, ante 183,5 mil do pai. \u00c9 Rodrigo quem toca o hospital veterin\u00e1rio da fam\u00edlia, fundado pelo pai de Onyx na d\u00e9cada de 1950, em Porto Alegre.<\/p>\n<p>Antes de entrar na pol\u00edtica, o novo chefe da Casa Civil foi presidente, por seis anos, de um sindicato de veterin\u00e1rios em Porto Alegre, at\u00e9 1990.<\/p>\n<p><strong><span class=\"news_bold\">ISTO \u00c9 ONYX LORENZONI<\/span><\/strong><\/p>\n<p>&#8211; Veterin\u00e1rio e empres\u00e1rio, se lan\u00e7ou na pol\u00edtica no Rio Grande do Sul na d\u00e9cada de 1990<\/p>\n<p>&#8211; Foi deputado estadual de 1995 a 2002 -se elegeu primeir pelo PL (atual PR)<\/p>\n<p>&#8211; Eleito para a C\u00e2mara em 2002, se projetou no esc\u00e2ndalo do mensal\u00e3o, em CPI que tratou do caso<\/p>\n<p>&#8211; Relatou o projeto que ficou conhecido como Medidas contra a Corrup\u00e7\u00e3o, em 2016<\/p>\n<p>&#8211; Decidiu se aliar a Bolsonaro mesmo contra seu partido<\/p>\n<p>&#8211; Em 2018, foi o segundo mais votado \u00e0 C\u00e2mara no RS, com 183,5 mil votos. Com informa\u00e7\u00f5es da Folhapress.<\/p>\n<\/div>\n<\/div>\n<\/div>\n<\/div>","protected":false},"excerpt":{"rendered":"<p>Apoiado pela ind\u00fastria de armas, pol\u00edtico \u00e9 antipetista ferrenho, se diz contra &#8216;ideologia de g\u00eanero&#8217; e &#8216;sexualiza\u00e7\u00e3o de crian\u00e7as&#8217; e j\u00e1 associou ativismo LGBT a pedofilia \u00a9 Tomaz Silva\/Ag. Brasil Veterano de quatro mandatos no Congresso e futuro ministro da Casa Civil, Onyx Lorenzoni (DEM-RS), a exemplo do presidente eleito, n\u00e3o tem hist\u00f3rico de aprova\u00e7\u00e3o [&hellip;]<\/p>\n","protected":false},"author":1,"featured_media":0,"comment_status":"closed","ping_status":"closed","sticky":false,"template":"","format":"standard","meta":[],"categories":[5,170],"tags":[],"_links":{"self":[{"href":"http:\/\/www.folhadocomercio.net.br\/index.php?rest_route=\/wp\/v2\/posts\/7128"}],"collection":[{"href":"http:\/\/www.folhadocomercio.net.br\/index.php?rest_route=\/wp\/v2\/posts"}],"about":[{"href":"http:\/\/www.folhadocomercio.net.br\/index.php?rest_route=\/wp\/v2\/types\/post"}],"author":[{"embeddable":true,"href":"http:\/\/www.folhadocomercio.net.br\/index.php?rest_route=\/wp\/v2\/users\/1"}],"replies":[{"embeddable":true,"href":"http:\/\/www.folhadocomercio.net.br\/index.php?rest_route=%2Fwp%2Fv2%2Fcomments&post=7128"}],"version-history":[{"count":2,"href":"http:\/\/www.folhadocomercio.net.br\/index.php?rest_route=\/wp\/v2\/posts\/7128\/revisions"}],"predecessor-version":[{"id":7130,"href":"http:\/\/www.folhadocomercio.net.br\/index.php?rest_route=\/wp\/v2\/posts\/7128\/revisions\/7130"}],"wp:attachment":[{"href":"http:\/\/www.folhadocomercio.net.br\/index.php?rest_route=%2Fwp%2Fv2%2Fmedia&parent=7128"}],"wp:term":[{"taxonomy":"category","embeddable":true,"href":"http:\/\/www.folhadocomercio.net.br\/index.php?rest_route=%2Fwp%2Fv2%2Fcategories&post=7128"},{"taxonomy":"post_tag","embeddable":true,"href":"http:\/\/www.folhadocomercio.net.br\/index.php?rest_route=%2Fwp%2Fv2%2Ftags&post=7128"}],"curies":[{"name":"wp","href":"https:\/\/api.w.org\/{rel}","templated":true}]}}