{"id":7541,"date":"2019-01-10T12:42:40","date_gmt":"2019-01-10T14:42:40","guid":{"rendered":"http:\/\/www.folhadocomercio.com.br\/folha-do-comercio\/?p=7541"},"modified":"2019-01-10T12:51:28","modified_gmt":"2019-01-10T14:51:28","slug":"maduro-assume-nesta-quinta-o-2o-mandato-presidencial","status":"publish","type":"post","link":"http:\/\/www.folhadocomercio.net.br\/?p=7541","title":{"rendered":"Maduro assume nesta quinta o 2\u00ba mandato presidencial"},"content":{"rendered":"<div class=\"bt_bb_wrapper\"><h2 class=\"news-subheadline\">Ele conta com o respaldo das For\u00e7as Armadas e da Suprema Corte<\/h2>\n<div class=\"news-main-image \"><picture><source srcset=\"https:\/\/static.noticiasaominuto.com.br\/stockimages\/640\/naom_5c37102b8030e.jpg?1547112592\" media=\"(max-width: 640px)\" \/><source srcset=\"https:\/\/static.noticiasaominuto.com.br\/stockimages\/960\/naom_5c37102b8030e.jpg?1547112592\" media=\"(max-width: 960px)\" \/><img class=\"img-responsive\" src=\"https:\/\/static.noticiasaominuto.com.br\/stockimages\/1920\/naom_5c37102b8030e.jpg?1547112592\" alt=\"Sob cr\u00edticas, Maduro assume nesta quinta o 2\u00ba mandato presidencial\" \/><\/picture><\/div>\n<div class=\"row\">\n<div class=\"col-lg-12 col-md-12 col-sm-12 col-xs-12\">\n<p class=\"news-main-image-copyright text-left\">\u00a9 Getty Images<\/p>\n<\/div>\n<\/div>\n<div class=\"row news-info-container no-margin\">\n<div class=\"col-lg-6 col-md-6 col-sm-6 col-xs-12 no-padding\">\n<p class=\"news-info-tag\"><span class=\"news_capital_letter\">S<\/span>ob cr\u00edticas e suspeitas internacionais, o presidente da Venezuela, Nicol\u00e1s Maduro, toma posse, nesta quinta-feira,10, do seu segundo\u00a0mandato que ir\u00e1 at\u00e9 2025. Ele conta com o respaldo das For\u00e7as Armadas e da Suprema Corte. Por\u00e9m, sofre resist\u00eancia interna da Assembleia Nacional que \u00e9 comandada pela oposi\u00e7\u00e3o.<\/p>\n<\/div>\n<\/div>\n<div class=\"row news-main-text-container\">\n<div class=\"col-lg-12 col-md-12 col-sm-12 col-xs-12\">\n<div class=\"news-main-text\">\n<div class=\"pub-container inside-news\">\n<div class=\"pub-space\">O Brasil, que integra o Grupo de Lima (formado por Argentina, Canad\u00e1, Chile, Col\u00f4mbia, Costa Rica, Guatemala, Guiana, Honduras, Panam\u00e1, Paraguai, Peru e Santa Lucia e M\u00e9xico), considera a reelei\u00e7\u00e3o de Maduro ileg\u00edtima.<\/div>\n<\/div>\n<p>Para o grupo, com exce\u00e7\u00e3o do M\u00e9xico, o poder deveria ser transmitido para o Parlamento venezuelano que, por sua vez, promoveria novas elei\u00e7\u00f5es. O processo eleitoral que levou \u00e0 reelei\u00e7\u00e3o de Maduro contou com quase 70% de absten\u00e7\u00e3o.<\/p>\n<p>A crise na Venezuela se agravou nos \u00faltimos anos, provocando uma forte imigra\u00e7\u00e3o, fome e desemprego na regi\u00e3o. Para o p\u00fablico interno, Maduro afirmou que apresentar\u00e1 um conjunto de a\u00e7\u00f5es econ\u00f4micas para frear a hiperinfla\u00e7\u00e3o que atinge o pa\u00eds.<\/p>\n<p>\u201cVou apresentar o Plano da P\u00e1tria diante da Assembleia Nacional Constituinte para o pr\u00f3ximo per\u00edodo de seis anos. Vou fazer uma avalia\u00e7\u00e3o e apresentar um conjunto de medidas\u201d, afirmou Maduro, acrescentando que sua meta \u00e9 a estabilidade econ\u00f4mica para o per\u00edodo de 2019-2025.<\/p>\n<p>Esta semana o Peru informou que proibir\u00e1 a entrada do presidente da Venezuela e integrantes do governo, assim como suas fam\u00edlias, no territ\u00f3rio peruano.<\/p>\n<p><em>*Com informa\u00e7\u00f5es da AVN, ag\u00eancia estatal de not\u00edcias da Venezuela<\/em><\/p>\n<\/div>\n<\/div>\n<\/div>\n<\/div>","protected":false},"excerpt":{"rendered":"<p>Ele conta com o respaldo das For\u00e7as Armadas e da Suprema Corte \u00a9 Getty Images Sob cr\u00edticas e suspeitas internacionais, o presidente da Venezuela, Nicol\u00e1s Maduro, toma posse, nesta quinta-feira,10, do seu segundo\u00a0mandato que ir\u00e1 at\u00e9 2025. Ele conta com o respaldo das For\u00e7as Armadas e da Suprema Corte. Por\u00e9m, sofre resist\u00eancia interna da Assembleia [&hellip;]<\/p>\n","protected":false},"author":1,"featured_media":7545,"comment_status":"closed","ping_status":"closed","sticky":false,"template":"","format":"standard","meta":[],"categories":[7,238],"tags":[],"_links":{"self":[{"href":"http:\/\/www.folhadocomercio.net.br\/index.php?rest_route=\/wp\/v2\/posts\/7541"}],"collection":[{"href":"http:\/\/www.folhadocomercio.net.br\/index.php?rest_route=\/wp\/v2\/posts"}],"about":[{"href":"http:\/\/www.folhadocomercio.net.br\/index.php?rest_route=\/wp\/v2\/types\/post"}],"author":[{"embeddable":true,"href":"http:\/\/www.folhadocomercio.net.br\/index.php?rest_route=\/wp\/v2\/users\/1"}],"replies":[{"embeddable":true,"href":"http:\/\/www.folhadocomercio.net.br\/index.php?rest_route=%2Fwp%2Fv2%2Fcomments&post=7541"}],"version-history":[{"count":2,"href":"http:\/\/www.folhadocomercio.net.br\/index.php?rest_route=\/wp\/v2\/posts\/7541\/revisions"}],"predecessor-version":[{"id":7543,"href":"http:\/\/www.folhadocomercio.net.br\/index.php?rest_route=\/wp\/v2\/posts\/7541\/revisions\/7543"}],"wp:featuredmedia":[{"embeddable":true,"href":"http:\/\/www.folhadocomercio.net.br\/index.php?rest_route=\/wp\/v2\/media\/7545"}],"wp:attachment":[{"href":"http:\/\/www.folhadocomercio.net.br\/index.php?rest_route=%2Fwp%2Fv2%2Fmedia&parent=7541"}],"wp:term":[{"taxonomy":"category","embeddable":true,"href":"http:\/\/www.folhadocomercio.net.br\/index.php?rest_route=%2Fwp%2Fv2%2Fcategories&post=7541"},{"taxonomy":"post_tag","embeddable":true,"href":"http:\/\/www.folhadocomercio.net.br\/index.php?rest_route=%2Fwp%2Fv2%2Ftags&post=7541"}],"curies":[{"name":"wp","href":"https:\/\/api.w.org\/{rel}","templated":true}]}}