{"id":8094,"date":"2019-03-17T09:35:42","date_gmt":"2019-03-17T12:35:42","guid":{"rendered":"http:\/\/www.folhadocomercio.com.br\/folha-do-comercio\/?p=8094"},"modified":"2024-07-11T00:17:35","modified_gmt":"2024-07-11T03:17:35","slug":"em-classico-pela-lideranca-do-estadual-atletico-e-america-se-enfrentam-no-mineirao","status":"publish","type":"post","link":"http:\/\/www.folhadocomercio.net.br\/?p=8094","title":{"rendered":"Em cl\u00e1ssico pela lideran\u00e7a do Estadual, Atl\u00e9tico e Am\u00e9rica se enfrentam no Mineir\u00e3o"},"content":{"rendered":"<div class=\"bt_bb_wrapper\"><h3 class=\"article__subtitle\">Partida est\u00e1 marcada para 16h deste domingo, pela d\u00e9cima rodada do Campeonato Mineiro<\/h3>\n<div class=\"details margin-bottom-10\">\n<p class=\"small margin-bottom-0\"><i class=\"spr __iat margin-right-10\"><\/i>\u00a0<a href=\"mailto:contato@superesportes.com.br\">Jo\u00e3o Vitor Marques \/Superesportes<\/a><\/p>\n<\/div>\n<section class=\"docs\">\n<div class=\"row margin-top-20 margin-bottom-10\">\n<div id=\"shareitens\" class=\"pull-left margin-left-15\"><\/div>\n<p>&nbsp;<\/p>\n<\/div>\n<\/section>\n<div class=\"js-body-news body-news clearfix margin-bottom-25\">\n<div>\n<div>\n<div class=\"news__image center\">\n<figure><img style=\"box-sizing: border-box; border: 0px; vertical-align: middle; max-width: 100%; height: auto;\" title=\"&lt;i&gt;(Foto: Bruno Cantini\/Atl\u00e9tico e Jo\u00e3o Zebral\/Am\u00e9rica)&lt;\/i&gt;\" src=\"https:\/\/i.superesportes.com.br\/w6_EY9hhT8rFHKeks180UnhtVgg=\/smart\/imgsapp.mg.superesportes.com.br\/app\/noticia_126420360808\/2019\/03\/17\/572951\/20190316164331498784e.jpg\" alt=\"&lt;i&gt;(Foto: Bruno Cantini\/Atl\u00e9tico e Jo\u00e3o Zebral\/Am\u00e9rica)&lt;\/i&gt;\" \/><figcaption class=\"content-desc-gallery\">Levir Culpi e Givanildo Oliveira se enfrentar\u00e3o neste domingo\u00a0<i>(Foto: Bruno Cantini\/Atl\u00e9tico e Jo\u00e3o Zebral\/Am\u00e9rica)<\/i><\/figcaption><\/figure>\n<\/div>\n<\/div>\n<div><\/div>\n<p>Em cl\u00e1ssico que vale a primeira coloca\u00e7\u00e3o da fase inicial do Campeonato Mineiro, Atl\u00e9tico e Am\u00e9rica se enfrentam neste domingo, no Mineir\u00e3o. As equipes se enfrentam a partir das 16h, em partida v\u00e1lida pela d\u00e9cima rodada do torneio.<\/p>\n<\/div>\n<div class=\"col-xs-12 padding-0 text-center margin-bottom-10\"><\/div>\n<div><\/div>\n<div>Mandante no cl\u00e1ssico, o Atl\u00e9tico \u00e9 l\u00edder, com 22 pontos ganhos &#8211; a mesma quantidade que o segundo colocado Cruzeiro, que derrotou o Tupi nesse s\u00e1bado e se manteve na disputa pela ponta. Em terceiro, o Am\u00e9rica tem um ponto a menos que os rivais.<\/div>\n<div><\/div>\n<div>Se vencer, o time alvinegro garante a primeira coloca\u00e7\u00e3o. Resta apenas uma rodada antes do mata-mata. Ou seja: o Am\u00e9rica n\u00e3o poderia alcan\u00e7\u00e1-lo em pontos. O Cruzeiro at\u00e9 poderia igualar a pontua\u00e7\u00e3o, mas ficaria atr\u00e1s por conta do n\u00famero de vit\u00f3rias.<\/div>\n<div><\/div>\n<div>Ao Am\u00e9rica, uma vit\u00f3ria significa assumir a lideran\u00e7a. Nesse cen\u00e1rio, os comandados do t\u00e9cnico Givanildo Oliveira dependeriam apenas de uma vit\u00f3ria na \u00faltima rodada sobre o Guarani, de Divin\u00f3polis, para assegurar a primeira coloca\u00e7\u00e3o.<\/div>\n<div><\/div>\n<div>Estar melhor colocado ao fim das 11 rodadas da fase inicial d\u00e1 vantagens nos confrontos eliminat\u00f3rios. Garantidos nas tr\u00eas primeiras posi\u00e7\u00f5es, os times da capital j\u00e1 sabem que jogar\u00e3o a partida das quartas de final como mandantes.<\/div>\n<div><\/div>\n<div>Nas semifinais e na final, a equipe melhor classificada na fase inicial tem o direito de decidir em casa e de contar com empate no placar agregado das duas partidas para vencer a eliminat\u00f3ria.<\/div>\n<div><\/div>\n<div><strong>O pressionado Atl\u00e9tico<\/strong><\/div>\n<div><\/div>\n<div class=\"col-xs-12 padding-0 text-center margin-bottom-10\"><\/div>\n<div>\n<div>\n<div class=\"news__image center\">\n<figure><img style=\"box-sizing: border-box; border: 0px; vertical-align: middle; max-width: 100%; height: auto;\" title=\"&lt;i&gt;(Foto: Bruno Cantini\/Atl\u00e9tico)&lt;\/i&gt;\" src=\"https:\/\/i.superesportes.com.br\/x3mVq3jUuoSZwNZQEeluOTDSD1o=\/smart\/imgsapp.mg.superesportes.com.br\/app\/noticia_126420360808\/2019\/03\/17\/572951\/20190316164718647094e.jpg\" alt=\"&lt;i&gt;(Foto: Bruno Cantini\/Atl\u00e9tico)&lt;\/i&gt;\" \/><figcaption class=\"content-desc-gallery\">Elias tem sido questionado por torcedores do Atl\u00e9tico\u00a0<i>(Foto: Bruno Cantini\/Atl\u00e9tico)<\/i><\/figcaption><\/figure>\n<\/div>\n<\/div>\n<div><\/div>\n<p>A semana que antecedeu o dia do cl\u00e1ssico foi turbulenta para o Atl\u00e9tico. Afinal, o time alvinegro perdeu para o Nacional-URU por 1 a 0, na \u00faltima ter\u00e7a-feira, e chegou a duas derrotas nas duas primeiras partidas do Grupo E da Copa Libertadores, principal objetivo da temporada.<\/p>\n<\/div>\n<div><\/div>\n<div>Pressionado pelos maus resultados e em fun\u00e7\u00e3o de algumas escolhas bastante questionadas para a equipe titular, o t\u00e9cnico Levir Culpi abandonou o estilo bem-humorado e adotou uma postura mais dura nas declara\u00e7\u00f5es. \u201cExiste uma diferen\u00e7a muito grande entre o apelo da imprensa e da torcida com a realidade das coisas. Voc\u00eas da imprensa, os torcedores, voc\u00eas tem um acesso muito pequeno. O mundo de voc\u00eas \u00e9 muito pequeno\u201d, disparou o comandante, em entrevista em tom de desabafo nessa sexta-feira.<\/div>\n<div><\/div>\n<div>Levir tem sido amplamente questionado especialmente por duas situa\u00e7\u00f5es. A primeira \u00e9 a titularidade do lateral-direito Patric, perseguido por parte da torcida. O reserva Guga tem tido boas atua\u00e7\u00f5es no Campeonato Mineiro, mas n\u00e3o \u00e9 a primeira escolha nos jogos \u2018grandes\u2019, de Libertadores. A segunda \u00e9 a mudan\u00e7a de pe\u00e7as no sistema ofensivo. O ponta Char\u00e1 foi para o banco, enquanto Elias foi deslocado do meio para o setor. Com isso, um outro volante &#8211; Jair &#8211; entrou na equipe.<\/div>\n<div><\/div>\n<div>\u201cSe acontecesse isso (fazer o que torcida quer), a cada dia, a cada jogo, eu colocaria uma forma\u00e7\u00e3o diferente da outra. As pessoas precisam acreditar mais no trabalho nosso, que j\u00e1 n\u00e3o \u00e9 de agora. Tem um tempo para organizar, tem um tempo para estabilizar\u201d, defendeu Levir Culpi.<\/div>\n<div><\/div>\n<div>Apesar do posicionamento do comandante, a expectativa \u00e9 que o time seja mudado para a partida contra o Am\u00e9rica. A escala\u00e7\u00e3o, entretanto, \u00e9 uma inc\u00f3gnita, j\u00e1 que Levir Culpi manteve o mist\u00e9rio e n\u00e3o permitiu a presen\u00e7a da imprensa nos dois \u00faltimos treinamentos antes da partida.<\/div>\n<div><\/div>\n<div><strong>Em busca da ponta<\/strong><\/div>\n<div><\/div>\n<div>\n<div>\n<div class=\"news__image center\">\n<figure><img style=\"box-sizing: border-box; border: 0px; vertical-align: middle; max-width: 100%; height: auto;\" title=\"&lt;i&gt;(Foto: Daniel Hott\/Am\u00e9rica)&lt;\/i&gt;\" src=\"https:\/\/i.superesportes.com.br\/UMaOwKYDKUzkB4wtT2uqrWxPfQM=\/smart\/imgsapp.mg.superesportes.com.br\/app\/noticia_126420360808\/2019\/03\/17\/572951\/20190316164740638792a.jpg\" alt=\"&lt;i&gt;(Foto: Daniel Hott\/Am\u00e9rica)&lt;\/i&gt;\" \/><figcaption class=\"content-desc-gallery\">Matheusinho \u00e9 uma das esperan\u00e7as ofensivas do Am\u00e9rica\u00a0<i>(Foto: Daniel Hott\/Am\u00e9rica)<\/i><\/figcaption><\/figure>\n<\/div>\n<\/div>\n<div><\/div>\n<p>No Am\u00e9rica, nada de mist\u00e9rio. O t\u00e9cnico Givanildo permitiu a presen\u00e7a da imprensa nos treinamentos e indicou qual time utilizar\u00e1 no cl\u00e1ssico deste domingo. No trabalho desse s\u00e1bado, os planos do comandante quase foram frustrados. O lateral-direito Leandro Silva foi poupado e n\u00e3o participou da atividade. De acordo com o clube, entretanto, o jogador est\u00e1 \u00e0 disposi\u00e7\u00e3o para o jogo.<\/p>\n<\/div>\n<div><\/div>\n<div>\u201cEu sempre acho que sempre d\u00e1 para ganhar, em qualquer situa\u00e7\u00e3o, em qualquer campo. Contra qualquer advers\u00e1rio, voc\u00ea sempre <a href='https:\/\/www.365inflatable.ca\/a060006-canada-buy-inflatable-obstacle-course-5k.html' style=\"color: black; text-decoration: none;\">inflatable obstacle course 5k<\/a> tem que pensar em ganhar. Agora, s\u00f3 o jogo vai dizer como vai ser, o que podemos fazer. Mas eu acredito muito neste grupo. Tenho certeza que vamos fazer um bom jogo e ganhar a partida\u201d, declarou Givanildo Oliveira.<\/div>\n<div><\/div>\n<div>E a confian\u00e7a do treinador faz sentido. Apesar da frustrante elimina\u00e7\u00e3o para o Juventude na segunda fase da Copa do Brasil, o Am\u00e9rica tem bons n\u00fameros em 2019. Em 11 partidas, os comandados de Givanildo Oliveira venceram seis, empataram quatro e perderam apenas uma. Agora, a hora \u00e9 de tentar retomar a lideran\u00e7a do Campeonato Mineiro.<\/div>\n<div><\/div>\n<div>\u201cNossa equipe est\u00e1 crescendo no campeonato e, justamente agora, teremos um jogo importante para a classifica\u00e7\u00e3o. Quem ganhar, vai dar um passo fundamental para garantir a lideran\u00e7a. Esperamos fazer um bom jogo para buscar a vit\u00f3ria nesse cl\u00e1ssico\u201d, disse o atacante Marcelo Toscano, que jogar\u00e1 pela primeira vez no Mineir\u00e3o.<\/div>\n<div><\/div>\n<div><strong>Casa cheia?<\/strong><\/div>\n<div><\/div>\n<div class=\"col-xs-12 padding-0 text-center margin-bottom-10\"><\/div>\n<div>A expectativa \u00e9 de bom p\u00fablico para o cl\u00e1ssico. Afinal, a \u00faltima parcial divulgada pelo Atl\u00e9tico informava que 40.113 torcedores haviam adquirido ingressos at\u00e9 o in\u00edcio da noite desse s\u00e1bado. O n\u00famero n\u00e3o inclui americanos. A venda continua at\u00e9 este domingo.<\/div>\n<div><\/div>\n<div><strong>ATL\u00c9TICO X AM\u00c9RICA<\/strong><\/div>\n<div><\/div>\n<div><strong>Atl\u00e9tico<\/strong><\/div>\n<div>Victor; Patric (Guga), R\u00e9ver, Igor Rabello e F\u00e1bio Santos; Adilson e Jair (Z\u00e9 Welison); Luan, Cazares e Elias (Char\u00e1 ou David Terans); Ricardo Oliveira<\/div>\n<div><strong>T\u00e9cnico<\/strong>: Levir Culpi<\/div>\n<div><\/div>\n<div><strong>Am\u00e9rica<\/strong><\/div>\n<div>Fernando Leal; Leandro Silva, Diego Jussani, Paul\u00e3o e Jo\u00e3o Paulo; Z\u00e9 Ricardo, Juninho e Matheusinho; Marcelo Toscano, J\u00fanior Vi\u00e7osa e Felipe Azevedo<\/div>\n<div><strong>T\u00e9cnico<\/strong>: Givanildo Oliveira<\/div>\n<div><\/div>\n<div><strong>Motivo<\/strong>: d\u00e9cima rodada do Campeonato Mineiro<\/div>\n<div><strong>Data e hor\u00e1rio<\/strong>: domingo, 17 de mar\u00e7o de 2019, \u00e0s 16h<\/div>\n<div><strong>Local<\/strong>: Mineir\u00e3o, em Belo Horizonte<\/div>\n<div><\/div>\n<div><strong>\u00c1rbitro<\/strong>: Emerson de Almeida Ferreira<\/div>\n<div><strong>Assistentes<\/strong>: Celso Luiz da Silva e Ricardo Junio de Souza<\/div>\n<\/div>\n<\/div>","protected":false},"excerpt":{"rendered":"<p>Partida est\u00e1 marcada para 16h deste domingo, pela d\u00e9cima rodada do Campeonato Mineiro \u00a0Jo\u00e3o Vitor Marques \/Superesportes &nbsp; Levir Culpi e Givanildo Oliveira se enfrentar\u00e3o neste domingo\u00a0(Foto: Bruno Cantini\/Atl\u00e9tico e Jo\u00e3o Zebral\/Am\u00e9rica) Em cl\u00e1ssico que vale a primeira coloca\u00e7\u00e3o da fase inicial do Campeonato Mineiro, Atl\u00e9tico e Am\u00e9rica se enfrentam neste domingo, no Mineir\u00e3o. As [&hellip;]<\/p>\n","protected":false},"author":1,"featured_media":0,"comment_status":"closed","ping_status":"closed","sticky":false,"template":"","format":"standard","meta":[],"categories":[241,3],"tags":[],"_links":{"self":[{"href":"http:\/\/www.folhadocomercio.net.br\/index.php?rest_route=\/wp\/v2\/posts\/8094"}],"collection":[{"href":"http:\/\/www.folhadocomercio.net.br\/index.php?rest_route=\/wp\/v2\/posts"}],"about":[{"href":"http:\/\/www.folhadocomercio.net.br\/index.php?rest_route=\/wp\/v2\/types\/post"}],"author":[{"embeddable":true,"href":"http:\/\/www.folhadocomercio.net.br\/index.php?rest_route=\/wp\/v2\/users\/1"}],"replies":[{"embeddable":true,"href":"http:\/\/www.folhadocomercio.net.br\/index.php?rest_route=%2Fwp%2Fv2%2Fcomments&post=8094"}],"version-history":[{"count":3,"href":"http:\/\/www.folhadocomercio.net.br\/index.php?rest_route=\/wp\/v2\/posts\/8094\/revisions"}],"predecessor-version":[{"id":15703,"href":"http:\/\/www.folhadocomercio.net.br\/index.php?rest_route=\/wp\/v2\/posts\/8094\/revisions\/15703"}],"wp:attachment":[{"href":"http:\/\/www.folhadocomercio.net.br\/index.php?rest_route=%2Fwp%2Fv2%2Fmedia&parent=8094"}],"wp:term":[{"taxonomy":"category","embeddable":true,"href":"http:\/\/www.folhadocomercio.net.br\/index.php?rest_route=%2Fwp%2Fv2%2Fcategories&post=8094"},{"taxonomy":"post_tag","embeddable":true,"href":"http:\/\/www.folhadocomercio.net.br\/index.php?rest_route=%2Fwp%2Fv2%2Ftags&post=8094"}],"curies":[{"name":"wp","href":"https:\/\/api.w.org\/{rel}","templated":true}]}}