{"id":8605,"date":"2019-05-22T23:04:56","date_gmt":"2019-05-23T02:04:56","guid":{"rendered":"http:\/\/www.folhadocomercio.com.br\/folha-do-comercio\/?p=8605"},"modified":"2019-05-22T23:09:03","modified_gmt":"2019-05-23T02:09:03","slug":"o-pais-de-ponta-cabeca","status":"publish","type":"post","link":"http:\/\/www.folhadocomercio.net.br\/?p=8605","title":{"rendered":"O PA\u00cdS DE PONTA-CABE\u00c7A"},"content":{"rendered":"<div class=\"bt_bb_wrapper\"><p><strong><img loading=\"lazy\" class=\"alignnone size-full wp-image-8607\" src=\"http:\/\/www.folhadocomercio.com.br\/folha-do-comercio\/wp-content\/uploads\/2019\/05\/MARGARIDA.jpg\" alt=\"\" width=\"528\" height=\"960\" srcset=\"http:\/\/www.folhadocomercio.net.br\/wp-content\/uploads\/2019\/05\/MARGARIDA.jpg 528w, http:\/\/www.folhadocomercio.net.br\/wp-content\/uploads\/2019\/05\/MARGARIDA-320x582.jpg 320w\" sizes=\"(max-width: 528px) 100vw, 528px\" \/>Margarida Drumond de Assis<\/strong><\/p>\n<p>O que temos visto no pa\u00eds, nos \u00faltimos dias, \u00e9 preocupante: espanta-nos, por<br \/>\nexemplo, que haja 13 milh\u00f5es de desempregados; o dito contingenciamento a denunciar\u00a0os cofres vazios, originando cortes onde jamais se poderia imaginar, e a Educa\u00e7\u00e3o \u00e9\u00a0atingida; \u00e1rea de humanas, depreciada; decreto do governo pode levar a um maior risco\u00a0a seguran\u00e7a, com armamento, nas m\u00e3os de pessoas comuns, sem preparo;\u00a0posicionamentos atrapalhados de chefes do poder emperram medidas e vota\u00e7\u00f5es que\u00a0merecem ir adiante; nota do Minist\u00e9rio da Sa\u00fade afronta a Lei da Reforma Psiqui\u00e1trica,<br \/>\nabrindo novamente o debate do desrespeito para com aqueles que vivenciam o<br \/>\ntranstorno mental. Em meio a tudo isso e dentre outras coisas, percebe-se a estagna\u00e7\u00e3o\u00a0econ\u00f4mica e o desvario no mercado financeiro, apontando alta do d\u00f3lar e queda na\u00a0bolsa de valores. Quer dizer, reina a instabilidade e n\u00e3o se v\u00ea mais a euforia como a\u00a0existente no in\u00edcio do governo Bolsonaro, pela confian\u00e7a em poss\u00edveis mudan\u00e7as para\u00a0um Brasil melhor.<br \/>\nPerante tantas quest\u00f5es e ainda recordando o que analistas de mercado frisavam,\u00a0n\u00e3o faz muito tempo, o Produto Interno Bruto \u2013 PIB cresceria 1% neste ano, a exemplo\u00a0dos dois \u00faltimos, a perspectiva n\u00e3o \u00e9 nada boa, principalmente para quem precisa de um\u00a0emprego. Reformas econ\u00f4micas precisam acontecer logo, mas elas n\u00e3o vir\u00e3o se a\u00a0quest\u00e3o pol\u00edtica n\u00e3o se resolver, com os nossos representantes se entendendo e se\u00a0respeitando melhor, tamb\u00e9m respeitando cada ser humano, atuando com \u00e9tica e<br \/>\nhonestidade, deixando harm\u00f4nicos o Executivo, o Legislativo e o Judici\u00e1rio. Sem isso,\u00a0s\u00f3 vir\u00e1 o caos, sendo freq\u00fcentes manifesta\u00e7\u00f5es como a de outro dia, com estudantes e\u00a0professores fazendo ecoar nas ruas o grito de protesto. A insatisfa\u00e7\u00e3o que se vai criando\u00a0traz de volta lembran\u00e7as quanto a impeachments de Fernando Collor e Dilma Roussef ,sem nos esquecermos que faltou pouco para o mesmo se dar em rela\u00e7\u00e3o ao ex-presidente Michel Temmer.<br \/>\nO Brasil n\u00e3o pode ter grande expectativa de desenvolvimento, quando tem como\u00a0Ministro da Educa\u00e7\u00e3o algu\u00e9m que, por suas a\u00e7\u00f5es, mais parece atuar na pasta da\u00a0economia, conforme alega\u00e7\u00e3o recente de diminuir despesas com as universidades, \u00e0\u00a0revelia do crescimento educacional dos estudantes e da pesquisa. E o senhor Abraham\u00a0Weintraub recebeu apoio do Jair Bolsonaro pela iniciativa tomada com a diminui\u00e7\u00e3o de\u00a0investimentos nos cursos da \u00e1rea de Humanas, como Filosofia e Sociologia, priorizando\u00a0faculdades que, conforme expressou, \u201cgeram retorno de fato\u201d, citando as de\u00a0enfermagem, veterin\u00e1ria, engenharia e medicina. Conforme destacado pelo presidente<br \/>\nnas redes sociais, \u201ca fun\u00e7\u00e3o do governo \u00e9 respeitar o dinheiro do contribuinte, ensinando\u00a0para os jovens a leitura, escrita e a fazer conta, e depois um oficio que gere renda para a\u00a0pessoa e bem-estar para a fam\u00edlia, que melhore a sociedade em sua volta\u201d. Tamb\u00e9m, quem foi mesmo que disse serem os estudantes uns \u201cidiotas \u00fateis\u201d?<\/p>\n<p>Fato \u00e9 que devemos estar atentos a a\u00e7\u00f5es diversas de nossos governantes, estar<br \/>\natentos e reagir, como fizeram os representantes da Sociedade Brasileira de Sociologia\u00a0ao ver depreciados os estudos nas \u00e1reas de humanas. Eles reconhecem o valor dos\u00a0estudos nas \u00e1reas de veterin\u00e1ria, engenharia e medicina, por\u00e9m enfatizaram quanto \u00e9\u00a0importante a \u00e1rea de humanas: \u201c H\u00e1 uma longa trajet\u00f3ria na historia do conhecimento,\u00a0elaborada em v\u00e1rias universidades espalhadas em diferentes partes do mundo e s\u00e3o\u00a0igualmente importantes para a constru\u00e7\u00e3o de um pais moderno, desenvolvido e mais<br \/>\nsolid\u00e1rio\u201d, frisaram. E mais: \u201c(&#8230;) A Sociologia \u00e9 uma ci\u00eancia como as demais que\u00a0integram esta modalidade especifica de conhecimento, apartada de no\u00e7\u00f5es do senso\u00a0comum (&#8230;)\u201d.<br \/>\nPor tais fatos que v\u00e3o se descortinando, urge que deputados e senadores aprovem\u00a0logo projetos que ajudem na estabilidade econ\u00f4mica, favorecendo empregos, sa\u00fade,\u00a0educa\u00e7\u00e3o, seguran\u00e7a&#8230; N\u00e3o podemos viver como se em meio a um furac\u00e3o, inseguros,\u00a0parecendo o pa\u00eds estar de ponta-cabe\u00e7a. Nefastos pontos de vista por parte de nossas\u00a0autoridades devem ser sanados, em prol da harmonia entre os governantes e o povo\u00a0para, assim, o pa\u00eds se firmar novamente como, h\u00e1 muito, esperamos.<\/p>\n<p><strong>Bras\u00edlia, 21 maio 2019<\/strong><\/p>\n<p>Margarida Drumond de Assis \u00e9 escritora, jornalista e professora. S\u00e3o de sua autoria obras em\u00a0g\u00eaneros literais diversos, dentre as quais o mais recente romance, Doce complica\u00e7\u00e3o, no qual\u00a0ela trabalha a sa\u00fade mental; o livro de poesias Al\u00e9m dos versos e a biografia sobre Pe. Abdala\u00a0Jorge, Eu j\u00e1 nasci padre!<br \/>\n<strong>Contatos: (61) 0 8607-7680 margaridadrumond@gmail.com www.margaridadrumond.com<\/strong><\/p>\n<\/div>","protected":false},"excerpt":{"rendered":"<p>Margarida Drumond de Assis O que temos visto no pa\u00eds, nos \u00faltimos dias, \u00e9 preocupante: espanta-nos, por exemplo, que haja 13 milh\u00f5es de desempregados; o dito contingenciamento a denunciar\u00a0os cofres vazios, originando cortes onde jamais se poderia imaginar, e a Educa\u00e7\u00e3o \u00e9\u00a0atingida; \u00e1rea de humanas, depreciada; decreto do governo pode levar a um maior risco\u00a0a [&hellip;]<\/p>\n","protected":false},"author":1,"featured_media":0,"comment_status":"closed","ping_status":"closed","sticky":false,"template":"","format":"standard","meta":[],"categories":[190],"tags":[],"_links":{"self":[{"href":"http:\/\/www.folhadocomercio.net.br\/index.php?rest_route=\/wp\/v2\/posts\/8605"}],"collection":[{"href":"http:\/\/www.folhadocomercio.net.br\/index.php?rest_route=\/wp\/v2\/posts"}],"about":[{"href":"http:\/\/www.folhadocomercio.net.br\/index.php?rest_route=\/wp\/v2\/types\/post"}],"author":[{"embeddable":true,"href":"http:\/\/www.folhadocomercio.net.br\/index.php?rest_route=\/wp\/v2\/users\/1"}],"replies":[{"embeddable":true,"href":"http:\/\/www.folhadocomercio.net.br\/index.php?rest_route=%2Fwp%2Fv2%2Fcomments&post=8605"}],"version-history":[{"count":3,"href":"http:\/\/www.folhadocomercio.net.br\/index.php?rest_route=\/wp\/v2\/posts\/8605\/revisions"}],"predecessor-version":[{"id":8609,"href":"http:\/\/www.folhadocomercio.net.br\/index.php?rest_route=\/wp\/v2\/posts\/8605\/revisions\/8609"}],"wp:attachment":[{"href":"http:\/\/www.folhadocomercio.net.br\/index.php?rest_route=%2Fwp%2Fv2%2Fmedia&parent=8605"}],"wp:term":[{"taxonomy":"category","embeddable":true,"href":"http:\/\/www.folhadocomercio.net.br\/index.php?rest_route=%2Fwp%2Fv2%2Fcategories&post=8605"},{"taxonomy":"post_tag","embeddable":true,"href":"http:\/\/www.folhadocomercio.net.br\/index.php?rest_route=%2Fwp%2Fv2%2Ftags&post=8605"}],"curies":[{"name":"wp","href":"https:\/\/api.w.org\/{rel}","templated":true}]}}