{"id":8615,"date":"2019-05-24T13:17:39","date_gmt":"2019-05-24T16:17:39","guid":{"rendered":"http:\/\/www.folhadocomercio.com.br\/folha-do-comercio\/?p=8615"},"modified":"2019-05-24T13:29:25","modified_gmt":"2019-05-24T16:29:25","slug":"governador-garante-a-prefeitos-da-regiao-normalizacao-de-repasses-constitucionais","status":"publish","type":"post","link":"http:\/\/www.folhadocomercio.net.br\/?p=8615","title":{"rendered":"Governador garante a prefeitos da regi\u00e3o normaliza\u00e7\u00e3o de repasses constitucionais"},"content":{"rendered":"<div class=\"bt_bb_wrapper\"><p>&nbsp;<\/p>\n<p>Durante a longa agenda cumprida pelo governador Romeu Zema<br \/>\n(Novo) em Ipatinga, na tarde de quinta-feir,23, os prefeitos do<br \/>\nVale do A\u00e7o tiveram um momento especial para tratar diretamente<br \/>\ncom ele acerca da gigantesca cifra referente a repasses n\u00e3o<br \/>\nrealizados pelo Estado e que tem deixado centenas de munic\u00edpios<br \/>\nem dificuldades. Falando em nome dos chefes do Executivo do<br \/>\nColar Metropolitano, o prefeito ipatinguense, Nardyello Rocha,<br \/>\nconsiderou positivo o resultado das conversa\u00e7\u00f5es. Conforme ele,<br \/>\nZema se comprometeu a retomar o pagamento regular dos recursos<br \/>\nconstitucionais devidos \u00e0s cidades, a partir de agora, sem nenhum<br \/>\ntipo de reten\u00e7\u00e3o.<br \/>\nReferindo-se \u00e0 enorme d\u00edvida deixada pelo governo anterior,<br \/>\nconforme avaliou Nardyello, \u201co melhor de tudo foi ter visto a boa<br \/>\nvontade do governador para juntos, munic\u00edpios e Estado, tirarmos<br \/>\nMinas do buraco em que foi colocado\u201d. Ele lembrou que \u201cmesmo o<br \/>\ngoverno atual de Minas Gerais deixou pendentes recursos devidos<br \/>\n\u00e0s cidades nos meses de janeiro, fevereiro e mar\u00e7o, entre eles<br \/>\nrepasses do Pro-Hosp, que fizeram agravar ainda mais as<br \/>\nreten\u00e7\u00f5es na sa\u00fade\u201d. Apenas em Ipatinga, estes valores retidos na<br \/>\nSa\u00fade j\u00e1 chegam a mais de R$ 90 milh\u00f5es, ressaltou.<br \/>\nUm acordo judicial est\u00e1 sendo firmado entre os munic\u00edpios e o atual<br \/>\ngoverno do Estado para que as d\u00edvidas do governo anterior \u2013 de<br \/>\ncerca de R$ 12,3 bilh\u00f5es \u2013 e tamb\u00e9m as do governo atual \u2013 em\u00a0torno de R$ 1 bilh\u00e3o \u2013 possam ser quitadas a partir de janeiro de\u00a02020.<br \/>\n<strong>Simplifica\u00e7\u00e3o tribut\u00e1ri<\/strong>a<br \/>\nOutra boa not\u00edcia trazida pelo governador, conforme o prefeito de<br \/>\nIpatinga, \u00e9 que ele deixou clara a possibilidade de fazer uma<br \/>\nsimplifica\u00e7\u00e3o tribut\u00e1ria em m\u00e9dio prazo. \u201cN\u00f3s sabemos que neste<br \/>\nmomento seria uma utopia acreditar que o governo venha a reduzir<br \/>\nimpostos, j\u00e1 que mais do que nunca ele precisa de receita, mas<br \/>\nacreditamos que agir\u00e1 nesse sentido a partir do momento em que<br \/>\nas d\u00edvidas forem saneadas\u201d, pontuou.<br \/>\nA simplifica\u00e7\u00e3o tribut\u00e1ria, como observou o Executivo ipatinguense,<br \/>\nsignifica maior facilidade para a abertura de empresas, com a<br \/>\nsimplifica\u00e7\u00e3o de licen\u00e7as ambientais, por exemplo, \u201calgo que deve<br \/>\nser comemorado, porque \u00e9 muito importante para a gera\u00e7\u00e3o de<br \/>\nempregos e renda de que tanto o pa\u00eds tem carecido nos \u00faltimos<br \/>\ntempos\u201d.<br \/>\n<strong>Hospital<\/strong><br \/>\nA primeira agenda que o governador de Minas e assessores<br \/>\ncumpriram na cidade de Ipatinga, nesta sexta, foi uma visita ao<br \/>\nHospital M\u00e1rcio Cunha, ao lado do prefeito Nardyello Rocha e da<br \/>\nsuperintendente do HMC, Thatiane Oliver Ticom. Zema conheceu<br \/>\nalgumas das principais depend\u00eancias da unidade e em seguida<br \/>\nconcedeu uma entrevista coletiva, na qual reconheceu que a<br \/>\nFunda\u00e7\u00e3o S\u00e3o Francisco Xavier \u00e9 refer\u00eancia n\u00e3o s\u00f3 para a regi\u00e3o<br \/>\ndo Vale do A\u00e7o, mas todo o Estado.<br \/>\n<strong>Ag\u00eancia Metropolitana<\/strong><br \/>\nSempre tendo o prefeito de Ipatinga como anfitri\u00e3o, ap\u00f3s deixar o<br \/>\nHMC o governador se dirigiu \u00e0 Ag\u00eancia de Desenvolvimento da<br \/>\nRegi\u00e3o Metropolitana do Vale do A\u00e7o, para uma reuni\u00e3o espec\u00edfica<br \/>\ncom mandat\u00e1rios do Colar Metropolitano. Na ocasi\u00e3o, Nardyello<br \/>\nlembrou o compromisso firmado por Zema de cumprir com os<br \/>\nrepasses constitucionais dos munic\u00edpios em sua totalidade. \u201cN\u00f3s,<br \/>\nprefeitos, estamos vivendo o impacto do sucateamento dos<br \/>\nmunic\u00edpios que foi feito pelo governo anterior. O mais importante \u00e9<br \/>\nque o senhor governador j\u00e1 acenou com a retomada dos repasses.<br \/>\n\u00c9 imposs\u00edvel governar as nossas cidades sem esses recursos\u201d,<br \/>\nfrisou Rocha.<\/p>\n<p>Nardyello aproveitou ainda o momento para lembrar ao governador<br \/>\nRomeu Zema sobre a import\u00e2ncia de manter em dia o conv\u00eanio do<br \/>\nInstituto de Previd\u00eancia dos Servidores do Estado de Minas<br \/>\nGerais\u00a0(IPSEMG) com o HMC.<br \/>\n\u201cA nossa preocupa\u00e7\u00e3o \u00e9 grande quanto a isso. O M\u00e1rcio Cunha<br \/>\nparou de atender os benefici\u00e1rios, que s\u00e3o mais de 30 mil na<br \/>\ncidade. Existe uma d\u00edvida de pouco mais de R$ 5 milh\u00f5es a ser<br \/>\nsaldada. A garantia do governo de que ir\u00e1 manter o pagamento do<br \/>\nconv\u00eanio em dia nos d\u00e1 a certeza de que o hospital n\u00e3o ir\u00e1<br \/>\nsuspender a assist\u00eancia aos conveniados\u201d, enfatizou o prefeito.<br \/>\n<strong>Aciapi<img loading=\"lazy\" class=\"alignnone size-medium wp-image-8619\" src=\"http:\/\/www.folhadocomercio.com.br\/folha-do-comercio\/wp-content\/uploads\/2019\/05\/CDL-C-640x427.jpeg\" alt=\"\" width=\"640\" height=\"427\" srcset=\"http:\/\/www.folhadocomercio.net.br\/wp-content\/uploads\/2019\/05\/CDL-C-640x427.jpeg 640w, http:\/\/www.folhadocomercio.net.br\/wp-content\/uploads\/2019\/05\/CDL-C-1024x683.jpeg 1024w, http:\/\/www.folhadocomercio.net.br\/wp-content\/uploads\/2019\/05\/CDL-C-1280x854.jpeg 1280w, http:\/\/www.folhadocomercio.net.br\/wp-content\/uploads\/2019\/05\/CDL-C-320x213.jpeg 320w\" sizes=\"(max-width: 640px) 100vw, 640px\" \/> <img loading=\"lazy\" class=\"alignnone size-medium wp-image-8618\" src=\"http:\/\/www.folhadocomercio.com.br\/folha-do-comercio\/wp-content\/uploads\/2019\/05\/CDL-B-640x427.jpg\" alt=\"\" width=\"640\" height=\"427\" srcset=\"http:\/\/www.folhadocomercio.net.br\/wp-content\/uploads\/2019\/05\/CDL-B-640x427.jpg 640w, http:\/\/www.folhadocomercio.net.br\/wp-content\/uploads\/2019\/05\/CDL-B-1024x683.jpg 1024w, http:\/\/www.folhadocomercio.net.br\/wp-content\/uploads\/2019\/05\/CDL-B-1280x854.jpg 1280w, http:\/\/www.folhadocomercio.net.br\/wp-content\/uploads\/2019\/05\/CDL-B-320x213.jpg 320w\" sizes=\"(max-width: 640px) 100vw, 640px\" \/> <img loading=\"lazy\" class=\"alignnone size-medium wp-image-8617\" src=\"http:\/\/www.folhadocomercio.com.br\/folha-do-comercio\/wp-content\/uploads\/2019\/05\/CDL-A-640x427.jpeg\" alt=\"\" width=\"640\" height=\"427\" srcset=\"http:\/\/www.folhadocomercio.net.br\/wp-content\/uploads\/2019\/05\/CDL-A-640x427.jpeg 640w, http:\/\/www.folhadocomercio.net.br\/wp-content\/uploads\/2019\/05\/CDL-A-1024x683.jpeg 1024w, http:\/\/www.folhadocomercio.net.br\/wp-content\/uploads\/2019\/05\/CDL-A-1280x854.jpeg 1280w, http:\/\/www.folhadocomercio.net.br\/wp-content\/uploads\/2019\/05\/CDL-A-320x213.jpeg 320w\" sizes=\"(max-width: 640px) 100vw, 640px\" \/><\/strong><br \/>\nNo final do dia, em companhia do presidente da Usipa, Sanzio<br \/>\nFerreira Prado de Figueiredo, o prefeito de Ipatinga aproveitou<br \/>\nainda a visita do governador para convid\u00e1-lo a participar da abertura<br \/>\nda 31\u00aa Expo Usipa, promovida pela associa\u00e7\u00e3o esportiva e<br \/>\nrecreativa, que acontecer\u00e1 em 24 de julho. A formaliza\u00e7\u00e3o do<br \/>\nconvite foi feita em um encontro reservado com as presen\u00e7as<br \/>\ntamb\u00e9m dos presidentes da Associa\u00e7\u00e3o Comercial, Industrial,<br \/>\nAgropecu\u00e1ria e de Presta\u00e7\u00e3o de Servi\u00e7os de Ipatinga (Aciapi) e da<br \/>\nC\u00e2mara de Dirigentes Lojistas (CDL), Cl\u00e1udio Zambaldi e Jos\u00e9<br \/>\nCarlos Alvarenga, respectivamente. Logo ap\u00f3s, Romeu Zema subiu<br \/>\nao audit\u00f3rio das entidades em companhia das autoridades para um<br \/>\nbate-papo com empres\u00e1rios locais, onde abordou a quest\u00e3o da<br \/>\nsimplifica\u00e7\u00e3o tribut\u00e1ria.<br \/>\nOs contatos do governador nesta sexta-feira, em Ipatinga, foram<br \/>\nacompanhados de perto tamb\u00e9m pelo rec\u00e9m-eleito deputado<br \/>\nfederal Herc\u00edlio Diniz (MDB), e o deputado estadual Coronel Sandro<br \/>\nL\u00facio Fonseca (PSL).<\/p>\n<p><strong>FOTOD ACIMA &#8211; Em encontro reservado com o governador, o prefeito de Ipatinga,<\/strong><strong>Nardyello Rocha, cobrou em nome dos Executivos do Colar\u00a0<\/strong><strong>Metropolitano a regulariza\u00e7\u00e3o dos repasses atuais do Estado em\u00a0<\/strong><strong>sua totalidade;\u00a0Zambaldi, Herc\u00edlio Diniz, Sanzio, Zema, Nardyello e Jos\u00e9 Carlos: na\u00a0Aciapi, o governador recebeu o convite para participar da abertura\u00a0<\/strong><strong>da Expo Usipa, em julho;\u00a0O bate-papo do governador com empres\u00e1rios locais foi bastante\u00a0concorrido<\/strong><\/p>\n<\/div>","protected":false},"excerpt":{"rendered":"<p>&nbsp; Durante a longa agenda cumprida pelo governador Romeu Zema (Novo) em Ipatinga, na tarde de quinta-feir,23, os prefeitos do Vale do A\u00e7o tiveram um momento especial para tratar diretamente com ele acerca da gigantesca cifra referente a repasses n\u00e3o realizados pelo Estado e que tem deixado centenas de munic\u00edpios em dificuldades. Falando em nome [&hellip;]<\/p>\n","protected":false},"author":1,"featured_media":0,"comment_status":"closed","ping_status":"closed","sticky":false,"template":"","format":"standard","meta":[],"categories":[201,240,181],"tags":[],"_links":{"self":[{"href":"http:\/\/www.folhadocomercio.net.br\/index.php?rest_route=\/wp\/v2\/posts\/8615"}],"collection":[{"href":"http:\/\/www.folhadocomercio.net.br\/index.php?rest_route=\/wp\/v2\/posts"}],"about":[{"href":"http:\/\/www.folhadocomercio.net.br\/index.php?rest_route=\/wp\/v2\/types\/post"}],"author":[{"embeddable":true,"href":"http:\/\/www.folhadocomercio.net.br\/index.php?rest_route=\/wp\/v2\/users\/1"}],"replies":[{"embeddable":true,"href":"http:\/\/www.folhadocomercio.net.br\/index.php?rest_route=%2Fwp%2Fv2%2Fcomments&post=8615"}],"version-history":[{"count":3,"href":"http:\/\/www.folhadocomercio.net.br\/index.php?rest_route=\/wp\/v2\/posts\/8615\/revisions"}],"predecessor-version":[{"id":8621,"href":"http:\/\/www.folhadocomercio.net.br\/index.php?rest_route=\/wp\/v2\/posts\/8615\/revisions\/8621"}],"wp:attachment":[{"href":"http:\/\/www.folhadocomercio.net.br\/index.php?rest_route=%2Fwp%2Fv2%2Fmedia&parent=8615"}],"wp:term":[{"taxonomy":"category","embeddable":true,"href":"http:\/\/www.folhadocomercio.net.br\/index.php?rest_route=%2Fwp%2Fv2%2Fcategories&post=8615"},{"taxonomy":"post_tag","embeddable":true,"href":"http:\/\/www.folhadocomercio.net.br\/index.php?rest_route=%2Fwp%2Fv2%2Ftags&post=8615"}],"curies":[{"name":"wp","href":"https:\/\/api.w.org\/{rel}","templated":true}]}}