{"id":10417,"date":"2020-02-11T21:50:31","date_gmt":"2020-02-12T00:50:31","guid":{"rendered":"http:\/\/www.folhadocomercio.com.br\/folha-do-comercio\/?p=10417"},"modified":"2020-02-11T21:54:31","modified_gmt":"2020-02-12T00:54:31","slug":"senador-carlos-viana-visita-belo-oriente-e-anuncia-recursos-para-hospital","status":"publish","type":"post","link":"https:\/\/www.folhadocomercio.net.br\/?p=10417","title":{"rendered":"Senador Carlos Viana visita Belo Oriente e anuncia recursos para hospital"},"content":{"rendered":"<div class=\"bt_bb_wrapper\"><p><img loading=\"lazy\" class=\"size-medium wp-image-10419 alignright\" src=\"http:\/\/www.folhadocomercio.com.br\/folha-do-comercio\/wp-content\/uploads\/2020\/02\/ASENADOR-640x427.jpg\" alt=\"\" width=\"640\" height=\"427\" srcset=\"https:\/\/www.folhadocomercio.net.br\/wp-content\/uploads\/2020\/02\/ASENADOR-640x427.jpg 640w, https:\/\/www.folhadocomercio.net.br\/wp-content\/uploads\/2020\/02\/ASENADOR.jpg 1024w, https:\/\/www.folhadocomercio.net.br\/wp-content\/uploads\/2020\/02\/ASENADOR-320x213.jpg 320w\" sizes=\"(max-width: 640px) 100vw, 640px\" \/>Ap\u00f3s mais de 20 anos, Belo Oriente recebeu novamente a vista de um senador da rep\u00fablica. No s\u00e1bado, O8, o senador(FOTO) Carlos Viana (PSD), esteve visitando a cidade para conhecer os projetos desenvolvidos pelo programa &#8220;Pr\u00f3-Munic\u00edpio&#8221;.\u00a0 Estiveram presentes no encontro, lideran\u00e7as pol\u00edticas, empresariais, comunit\u00e1rias e representantes da pol\u00edcia militar.<\/p>\n<p>Foram apresentados ao senador, os projetos desenvolvidos por Belo Oriente no programa \u201cPr\u00f3-Munic\u00edpio\u201d, projeto que identifica e desenvolvem as potencialidades do munic\u00edpio, uma parceria entre o poder p\u00fablico, Administra\u00e7\u00e3o Municipal e C\u00e2mara Municipal, e a classe empresarial, representada pela Associa\u00e7\u00e3o Comercial e Empresarial, Federa\u00e7\u00e3o das Associa\u00e7\u00f5es Comerciais e Empresariais de Minas Gerais (Federaminas) e Cenibra.<\/p>\n<p>Belo Oriente recebeu recentemente no 22\u00ba Congresso das Associa\u00e7\u00f5es Comerciais e Empresariais de Minas Gerais, um pr\u00eamio de munic\u00edpio destaque, devido ao apoio ao projeto \u201cPr\u00f3-Munic\u00edpio\u201d.<\/p>\n<p>Sobre o programa, Carlos Viana destacou a forte parceria existente entre o poder p\u00fablico e a classe empresarial na execu\u00e7\u00e3o de projetos que visam o bem-estar do cidad\u00e3o belorientino. \u201cBelo Oriente hoje \u00e9 exemplo no pa\u00eds, em aproveitamento de todas as caracter\u00edsticas da cidade. Ao fazer este levantamento das car\u00eancias e buscar parceiros, como na iniciativa privada, para que possa produzir renda. Isso \u00e9 um exemplo de boa administra\u00e7\u00e3o que encontramos\u201d, afirma o senador.<\/p>\n<p>Presidente do Pr\u00f3-Munic\u00edpio, o prefeito Hamilton R\u00f4mulo falou da honra de receber um senador na cidade depois de tantos anos e falou sobre os ganhos do Pr\u00f3-munic\u00edpio para Belo Oriente. \u201c\u00c9 muito importante \u00e0 visita de um senador da rep\u00fablica em nossa cidade. Isso mostra que estamos no caminho certo e o destaque do Pr\u00f3-munic\u00edpio em n\u00edvel estadual mostra o empenho de todos os envolvidos para o bem-estar de nosso povo\u201d, destacou Hamilton.<\/p>\n<p>O senador tamb\u00e9m visitou o Hospital Jaques Gon\u00e7alves Pereira, localizado no distrito de Perp\u00e9tuo Socorro e ficou impressionado com a estrutura encontrada no local, tecendo elogios aos equipamentos novos, salas e consult\u00f3rios climatizados. Afirmando que o hospital se torna refer\u00eancia na regi\u00e3o.<\/p>\n<p><strong>Recursos para o hospital<\/strong><\/p>\n<p>Durante a visita, o senador Carlos Viana se comprometeu a repassar um recurso por meio de emenda parlamentar de R$ 250 mil para ser utilizado no custeio e manuten\u00e7\u00e3o do Hospital Jaques Gon\u00e7alves Pereira.<\/p>\n<p>\u201cEste repasse ser\u00e1 muito importante para levarmos mais qualidade de vida e sa\u00fade para o nosso cidad\u00e3o e assim, vamos conseguir dar prosseguimento ao trabalho desenvolvido nessa \u00e1rea\u201d, agradeceu o prefeito Hamilton R\u00f4mulo.<img src=\"https:\/\/ci5.googleusercontent.com\/proxy\/7HwdFJ9gh9X7D6G7LIG-Ix5MJkkK5ummWz1R_IytIhZcI4KtXryVpB6CawebR2F4qejLNqCVkhMHuizpETnkIWM=s0-d-e1-ft#http:\/\/www.divulgacaoonline.com.br\/genoves.jpg\" \/><\/p>\n<\/div>","protected":false},"excerpt":{"rendered":"<p>Ap\u00f3s mais de 20 anos, Belo Oriente recebeu novamente a vista de um senador da rep\u00fablica. No s\u00e1bado, O8, o senador(FOTO) Carlos Viana (PSD), esteve visitando a cidade para conhecer os projetos desenvolvidos pelo programa &#8220;Pr\u00f3-Munic\u00edpio&#8221;.\u00a0 Estiveram presentes no encontro, lideran\u00e7as pol\u00edticas, empresariais, comunit\u00e1rias e representantes da pol\u00edcia militar. Foram apresentados ao senador, os projetos [&hellip;]<\/p>\n","protected":false},"author":1,"featured_media":0,"comment_status":"closed","ping_status":"closed","sticky":false,"template":"","format":"standard","meta":[],"categories":[292],"tags":[],"_links":{"self":[{"href":"https:\/\/www.folhadocomercio.net.br\/index.php?rest_route=\/wp\/v2\/posts\/10417"}],"collection":[{"href":"https:\/\/www.folhadocomercio.net.br\/index.php?rest_route=\/wp\/v2\/posts"}],"about":[{"href":"https:\/\/www.folhadocomercio.net.br\/index.php?rest_route=\/wp\/v2\/types\/post"}],"author":[{"embeddable":true,"href":"https:\/\/www.folhadocomercio.net.br\/index.php?rest_route=\/wp\/v2\/users\/1"}],"replies":[{"embeddable":true,"href":"https:\/\/www.folhadocomercio.net.br\/index.php?rest_route=%2Fwp%2Fv2%2Fcomments&post=10417"}],"version-history":[{"count":3,"href":"https:\/\/www.folhadocomercio.net.br\/index.php?rest_route=\/wp\/v2\/posts\/10417\/revisions"}],"predecessor-version":[{"id":10421,"href":"https:\/\/www.folhadocomercio.net.br\/index.php?rest_route=\/wp\/v2\/posts\/10417\/revisions\/10421"}],"wp:attachment":[{"href":"https:\/\/www.folhadocomercio.net.br\/index.php?rest_route=%2Fwp%2Fv2%2Fmedia&parent=10417"}],"wp:term":[{"taxonomy":"category","embeddable":true,"href":"https:\/\/www.folhadocomercio.net.br\/index.php?rest_route=%2Fwp%2Fv2%2Fcategories&post=10417"},{"taxonomy":"post_tag","embeddable":true,"href":"https:\/\/www.folhadocomercio.net.br\/index.php?rest_route=%2Fwp%2Fv2%2Ftags&post=10417"}],"curies":[{"name":"wp","href":"https:\/\/api.w.org\/{rel}","templated":true}]}}