{"id":10422,"date":"2020-02-11T22:09:00","date_gmt":"2020-02-12T01:09:00","guid":{"rendered":"http:\/\/www.folhadocomercio.com.br\/folha-do-comercio\/?p=10422"},"modified":"2020-02-11T22:11:40","modified_gmt":"2020-02-12T01:11:40","slug":"choro-do-vale-se-apresenta-no-festival-de-verao","status":"publish","type":"post","link":"https:\/\/www.folhadocomercio.net.br\/?p=10422","title":{"rendered":"Choro do Vale se apresenta no Festival de Ver\u00e3o"},"content":{"rendered":"<div class=\"bt_bb_wrapper\"><p dir=\"ltr\"><img loading=\"lazy\" class=\"size-medium wp-image-10424 alignright\" src=\"http:\/\/www.folhadocomercio.com.br\/folha-do-comercio\/wp-content\/uploads\/2020\/02\/ACHORO-02-640x427.jpg\" alt=\"\" width=\"640\" height=\"427\" srcset=\"https:\/\/www.folhadocomercio.net.br\/wp-content\/uploads\/2020\/02\/ACHORO-02-640x427.jpg 640w, https:\/\/www.folhadocomercio.net.br\/wp-content\/uploads\/2020\/02\/ACHORO-02-1024x683.jpg 1024w, https:\/\/www.folhadocomercio.net.br\/wp-content\/uploads\/2020\/02\/ACHORO-02-1280x854.jpg 1280w, https:\/\/www.folhadocomercio.net.br\/wp-content\/uploads\/2020\/02\/ACHORO-02-320x214.jpg 320w, https:\/\/www.folhadocomercio.net.br\/wp-content\/uploads\/2020\/02\/ACHORO-02.jpg 1840w\" sizes=\"(max-width: 640px) 100vw, 640px\" \/> <img loading=\"lazy\" class=\"size-medium wp-image-10423 alignright\" src=\"http:\/\/www.folhadocomercio.com.br\/folha-do-comercio\/wp-content\/uploads\/2020\/02\/ACHORO-01-640x427.jpg\" alt=\"\" width=\"640\" height=\"427\" srcset=\"https:\/\/www.folhadocomercio.net.br\/wp-content\/uploads\/2020\/02\/ACHORO-01-640x427.jpg 640w, https:\/\/www.folhadocomercio.net.br\/wp-content\/uploads\/2020\/02\/ACHORO-01-1024x683.jpg 1024w, https:\/\/www.folhadocomercio.net.br\/wp-content\/uploads\/2020\/02\/ACHORO-01-1280x854.jpg 1280w, https:\/\/www.folhadocomercio.net.br\/wp-content\/uploads\/2020\/02\/ACHORO-01-320x214.jpg 320w, https:\/\/www.folhadocomercio.net.br\/wp-content\/uploads\/2020\/02\/ACHORO-01.jpg 1840w\" sizes=\"(max-width: 640px) 100vw, 640px\" \/>Grupo musical que pesquisa e divulga obras dos grandes mestres do choro faz show no Teatro Z\u00e9lia Olguin, no pr\u00f3ximo dia 14<\/p>\n<p dir=\"ltr\"><span style=\"color: #000000;\">Uma noite para curtir m\u00fasicas como \u201cCarinhoso\u201d, \u201cBrasileirinho\u201d, \u201cTico tico no fub\u00e1\u201d al\u00e9m de outros sucessos de chorinho que marcaram \u00e9pocas. Esse \u00e9 o convite do grupo Choro do Vale(FOTOS) para o seu show no Festival de Ver\u00e3o do Vale do A\u00e7o, que ser\u00e1 no pr\u00f3ximo dia <\/span><b><span style=\"color: #000000;\"><u>14 de fevereiro (sexta-feira), \u00e0s 20h, no Teatro Z\u00e9lia Olguin.\u00a0<\/u><\/span><\/b><\/p>\n<p dir=\"ltr\">O evento \u00e9 realizado pelo Instituto Usiminas, com patroc\u00ednio da Usiminas, por meio da Lei federal de Incentivo \u00e0 Cultura. Os ingressos est\u00e3o \u00e0 venda nas bilheterias do Centro Cultural Usiminas e do Teatro Z\u00e9lia Olguin, no quiosque do Festival de Ver\u00e3o do Shopping Vale do A\u00e7o e pelo site <a href=\"https:\/\/www.eventim.com.br\/ingressos.html?affiliate=GG1&amp;doc=artistPages%2Ftickets&amp;fun=artist&amp;action=tickets&amp;erid=2657951&amp;includeOnlybookable=false&amp;x10=1&amp;x11=choro%20do\" target=\"_blank\" rel=\"noopener\" data-saferedirecturl=\"https:\/\/www.google.com\/url?q=https:\/\/www.eventim.com.br\/ingressos.html?affiliate%3DGG1%26doc%3DartistPages%252Ftickets%26fun%3Dartist%26action%3Dtickets%26erid%3D2657951%26includeOnlybookable%3Dfalse%26x10%3D1%26x11%3Dchoro%2520do&amp;source=gmail&amp;ust=1581554696399000&amp;usg=AFQjCNFTMzt_3sCebtf6sjqHaErMQwXy3w\">eventim.com.br<\/a>.<\/p>\n<p dir=\"ltr\"><strong>Choro brasileiro<\/strong><\/p>\n<p dir=\"ltr\">O espet\u00e1culo \u00e9 mais uma iniciativa do Choro do Vale para facilitar o acesso ao estilo musical brasileiro, que surgiu no s\u00e9culo 19. Com originalidade e tradi\u00e7\u00e3o regional do estilo musical, o Choro no Vale apresenta um repert\u00f3rio diversificado de choros tradicionais, boleros, bai\u00e3o e sambas.<\/p>\n<p dir=\"ltr\">Desde 2006, o grupo de instrumentistas, formado por Carlos Vinicius (Cavaquinho), Wellington Assun\u00e7\u00e3o (Bandolim), Fabiano Cruz (Viol\u00e3o 7 cordas), Marcelo (Pandeiro), busca popularizar o Choro. O grupo se dedica \u00e0 pesquisa e divulga\u00e7\u00e3o das obras dos grandes mestres do choro, como Pixinguinha, Jacob do Bandolim, Waldir Azevedo, Ernesto Nazareth, Zequinha de Abreu, entre outros.<\/p>\n<p dir=\"ltr\">Segundo Wellington Assun\u00e7\u00e3o, a valoriza\u00e7\u00e3o e divulga\u00e7\u00e3o do Choro Brasileiro direcionam o trabalho do grupo Choro no Vale. \u201cLevamos o choro, aliado ao samba de raiz e ao bai\u00e3o, em um repert\u00f3rio diversificado, com o objetivo envolver o p\u00fablico presente em um clima de roda de choro tradicionais do pa\u00eds\u201d, conta o bandolinista do grupo Choro do Vale.<\/p>\n<p dir=\"ltr\"><strong>SERVI\u00c7O<\/strong><\/p>\n<p dir=\"ltr\">Grupo Choro do Vale &#8211; M\u00fasica Instrumental\/Choro<\/p>\n<p dir=\"ltr\">14\/02 (sexta-feira), 20h, no Teatro Z\u00e9lia Olguin<\/p>\n<p dir=\"ltr\">Ingressos: 30,00 (inteira) R$ 15,00 (meia) R$15,00 (ingresso solid\u00e1rio: doa\u00e7\u00e3o de 1kg de alimento n\u00e3o perec\u00edvel).<\/p>\n<p dir=\"ltr\">Vendas na bilheteria do Centro Cultural Usiminas e do Teatro Z\u00e9lia Olguin, no quiosque do Festival de Ver\u00e3o do Shopping Vale do A\u00e7o e pelo site <a href=\"https:\/\/www.eventim.com.br\/show-douglas-netto-e-bloco-valentinas-ipatinga-ingressos.html?affiliate=GG1&amp;doc=artistPages%2Ftickets&amp;fun=artist&amp;action=tickets&amp;key=2641590%2412541650&amp;jumpIn=yTix&amp;kuid=578319&amp;from=erdetaila\" target=\"_blank\" rel=\"noopener\" data-saferedirecturl=\"https:\/\/www.google.com\/url?q=https:\/\/www.eventim.com.br\/show-douglas-netto-e-bloco-valentinas-ipatinga-ingressos.html?affiliate%3DGG1%26doc%3DartistPages%252Ftickets%26fun%3Dartist%26action%3Dtickets%26key%3D2641590%252412541650%26jumpIn%3DyTix%26kuid%3D578319%26from%3Derdetaila&amp;source=gmail&amp;ust=1581554696400000&amp;usg=AFQjCNFlG7E2FAGvTluC0qFW8auXDmxQ3w\">eventim.com.br<\/a><\/p>\n<p dir=\"ltr\"><img src=\"https:\/\/ci5.googleusercontent.com\/proxy\/7HwdFJ9gh9X7D6G7LIG-Ix5MJkkK5ummWz1R_IytIhZcI4KtXryVpB6CawebR2F4qejLNqCVkhMHuizpETnkIWM=s0-d-e1-ft#http:\/\/www.divulgacaoonline.com.br\/genoves.jpg\" \/><\/p>\n<\/div>","protected":false},"excerpt":{"rendered":"<p>Grupo musical que pesquisa e divulga obras dos grandes mestres do choro faz show no Teatro Z\u00e9lia Olguin, no pr\u00f3ximo dia 14 Uma noite para curtir m\u00fasicas como \u201cCarinhoso\u201d, \u201cBrasileirinho\u201d, \u201cTico tico no fub\u00e1\u201d al\u00e9m de outros sucessos de chorinho que marcaram \u00e9pocas. Esse \u00e9 o convite do grupo Choro do Vale(FOTOS) para o seu [&hellip;]<\/p>\n","protected":false},"author":1,"featured_media":0,"comment_status":"closed","ping_status":"closed","sticky":false,"template":"","format":"standard","meta":[],"categories":[1],"tags":[],"_links":{"self":[{"href":"https:\/\/www.folhadocomercio.net.br\/index.php?rest_route=\/wp\/v2\/posts\/10422"}],"collection":[{"href":"https:\/\/www.folhadocomercio.net.br\/index.php?rest_route=\/wp\/v2\/posts"}],"about":[{"href":"https:\/\/www.folhadocomercio.net.br\/index.php?rest_route=\/wp\/v2\/types\/post"}],"author":[{"embeddable":true,"href":"https:\/\/www.folhadocomercio.net.br\/index.php?rest_route=\/wp\/v2\/users\/1"}],"replies":[{"embeddable":true,"href":"https:\/\/www.folhadocomercio.net.br\/index.php?rest_route=%2Fwp%2Fv2%2Fcomments&post=10422"}],"version-history":[{"count":2,"href":"https:\/\/www.folhadocomercio.net.br\/index.php?rest_route=\/wp\/v2\/posts\/10422\/revisions"}],"predecessor-version":[{"id":10426,"href":"https:\/\/www.folhadocomercio.net.br\/index.php?rest_route=\/wp\/v2\/posts\/10422\/revisions\/10426"}],"wp:attachment":[{"href":"https:\/\/www.folhadocomercio.net.br\/index.php?rest_route=%2Fwp%2Fv2%2Fmedia&parent=10422"}],"wp:term":[{"taxonomy":"category","embeddable":true,"href":"https:\/\/www.folhadocomercio.net.br\/index.php?rest_route=%2Fwp%2Fv2%2Fcategories&post=10422"},{"taxonomy":"post_tag","embeddable":true,"href":"https:\/\/www.folhadocomercio.net.br\/index.php?rest_route=%2Fwp%2Fv2%2Ftags&post=10422"}],"curies":[{"name":"wp","href":"https:\/\/api.w.org\/{rel}","templated":true}]}}