{"id":10427,"date":"2020-02-12T12:23:22","date_gmt":"2020-02-12T15:23:22","guid":{"rendered":"http:\/\/www.folhadocomercio.com.br\/folha-do-comercio\/?p=10427"},"modified":"2020-02-12T12:31:20","modified_gmt":"2020-02-12T15:31:20","slug":"parceiros-debatem-atualizacao-do-piea","status":"publish","type":"post","link":"https:\/\/www.folhadocomercio.net.br\/?p=10427","title":{"rendered":"Parceiros debatem atualiza\u00e7\u00e3o do PIEA"},"content":{"rendered":"<div class=\"bt_bb_wrapper\"><p><strong><img loading=\"lazy\" class=\"size-medium wp-image-10432 alignright\" src=\"http:\/\/www.folhadocomercio.com.br\/folha-do-comercio\/wp-content\/uploads\/2020\/02\/AEDUCA\u00c7\u00c3O-640x480.jpg\" alt=\"\" width=\"640\" height=\"480\" srcset=\"https:\/\/www.folhadocomercio.net.br\/wp-content\/uploads\/2020\/02\/AEDUCA\u00c7\u00c3O-640x480.jpg 640w, https:\/\/www.folhadocomercio.net.br\/wp-content\/uploads\/2020\/02\/AEDUCA\u00c7\u00c3O-1024x768.jpg 1024w, https:\/\/www.folhadocomercio.net.br\/wp-content\/uploads\/2020\/02\/AEDUCA\u00c7\u00c3O-1280x960.jpg 1280w, https:\/\/www.folhadocomercio.net.br\/wp-content\/uploads\/2020\/02\/AEDUCA\u00c7\u00c3O-320x240.jpg 320w\" sizes=\"(max-width: 640px) 100vw, 640px\" \/> <img loading=\"lazy\" class=\"size-medium wp-image-10431 alignright\" src=\"http:\/\/www.folhadocomercio.com.br\/folha-do-comercio\/wp-content\/uploads\/2020\/02\/AEDUCA\u00c7\u00c3O-02-640x480.jpg\" alt=\"\" width=\"640\" height=\"480\" srcset=\"https:\/\/www.folhadocomercio.net.br\/wp-content\/uploads\/2020\/02\/AEDUCA\u00c7\u00c3O-02-640x480.jpg 640w, https:\/\/www.folhadocomercio.net.br\/wp-content\/uploads\/2020\/02\/AEDUCA\u00c7\u00c3O-02-1024x768.jpg 1024w, https:\/\/www.folhadocomercio.net.br\/wp-content\/uploads\/2020\/02\/AEDUCA\u00c7\u00c3O-02-1280x960.jpg 1280w, https:\/\/www.folhadocomercio.net.br\/wp-content\/uploads\/2020\/02\/AEDUCA\u00c7\u00c3O-02-320x240.jpg 320w\" sizes=\"(max-width: 640px) 100vw, 640px\" \/> <img loading=\"lazy\" class=\"size-medium wp-image-10430 alignright\" src=\"http:\/\/www.folhadocomercio.com.br\/folha-do-comercio\/wp-content\/uploads\/2020\/02\/AEDUCA\u00c7\u00c3O-01-640x480.jpg\" alt=\"\" width=\"640\" height=\"480\" srcset=\"https:\/\/www.folhadocomercio.net.br\/wp-content\/uploads\/2020\/02\/AEDUCA\u00c7\u00c3O-01-640x480.jpg 640w, https:\/\/www.folhadocomercio.net.br\/wp-content\/uploads\/2020\/02\/AEDUCA\u00c7\u00c3O-01-1024x768.jpg 1024w, https:\/\/www.folhadocomercio.net.br\/wp-content\/uploads\/2020\/02\/AEDUCA\u00c7\u00c3O-01-1280x960.jpg 1280w, https:\/\/www.folhadocomercio.net.br\/wp-content\/uploads\/2020\/02\/AEDUCA\u00c7\u00c3O-01-320x240.jpg 320w\" sizes=\"(max-width: 640px) 100vw, 640px\" \/>Plano Integrado de Educa\u00e7\u00e3o Ambiental define diretrizes\u00a0para 2020 a 2023<\/strong><br \/>\nNa manh\u00e3 de ter\u00e7a-feira, 11, foi realizado a Oficina de\u00a0Atualiza\u00e7\u00e3o do Plano Integrado de Educa\u00e7\u00e3o Ambiental<br \/>\n(PIEA) de Tim\u00f3teo(FOTOS), no Centro de Educa\u00e7\u00e3o Ambiental da\u00a0Aperam\/Oik\u00f3s. A programa\u00e7\u00e3o foi desenvolvida pelos<br \/>\nparceiros do plano usando metodologias participativas,\u00a0fomentando um ambiente de discuss\u00f5es e produ\u00e7\u00e3o de<br \/>\ninforma\u00e7\u00f5es.<br \/>\nIniciou-se com a apresenta\u00e7\u00e3o das diretrizes e indicadores\u00a0de resultado do per\u00edodo de implementa\u00e7\u00e3o, com resultados\u00a0significativos de 90% de estrat\u00e9gias efetivadas ao longo de\u00a02019. Em seguida, aconteceu uma din\u00e2mica de grupo para\u00a0elabora\u00e7\u00e3o da matriz l\u00f3gica que define as diretrizes,\u00a0estrat\u00e9gias, metas e indicadores para 2020 a 2023, com o\u00a0alinhamento da matriz l\u00f3gica elaborada com as perceptivas\u00a0da educa\u00e7\u00e3o ambiental estabelecidas no PIEA.<br \/>\nDurante a oficina, ocorreu a revis\u00e3o dos objetivos\u00a0estabelecidos no Plano, constru\u00e7\u00e3o do diagrama de rela\u00e7\u00f5es<br \/>\ndas institui\u00e7\u00f5es para um exerc\u00edcio do n\u00edvel de envolvimento\u00a0das parcerias com o Plano e elabora\u00e7\u00e3o da matriz de<br \/>\ncoopera\u00e7\u00e3o. Na avalia\u00e7\u00e3o da oficina, os participantes\u00a0consideraram como \u00f3timo o grau de satisfa\u00e7\u00e3o nos quesitos<br \/>\nmetodologia, import\u00e2ncia e participa\u00e7\u00e3o.<br \/>\nA oficina contou com a participa\u00e7\u00e3o dos parceiros do Plano,\u00a0COPASA, Funda\u00e7\u00e3o Aperam Acesita, Thermon, Altec,<br \/>\nVamtec, Pedreira Um Valemix, Pol\u00edcia Militar de Minas\u00a0Gerais\/12\u00aa Cia PM MAmb, Solucionar. Solu\u00e7\u00f5es Ambientais,<br \/>\nPrimer, PMT (Secretaria de Meio Ambiente, Secretaria de\u00a0Obras.<br \/>\nAs informa\u00e7\u00f5es levantadas ser\u00e3o inseridas na atualiza\u00e7\u00e3o\u00a0do plano e disponibilizadas para conhecimento. O pr\u00f3ximo<br \/>\npasso ser\u00e1 o planejamento tendo como refer\u00eancia a matriz\u00a0l\u00f3gica estabelecida. Cabe ressaltar, que anualmente o plano\u00a0passa por avalia\u00e7\u00e3o, monitoramento e planejamento.<\/p>\n<p>O Plano Integrado de Educa\u00e7\u00e3o Ambiental de Tim\u00f3teo, foi\u00a0elaborado em 2014, e lan\u00e7ado em 2015 e desde ent\u00e3o vem<br \/>\nsendo implementado pelos parceiros, de forma participativa\u00a0e integrada e adaptativa a demanda local e temas atuais.<\/p>\n<p><img src=\"https:\/\/ci5.googleusercontent.com\/proxy\/7HwdFJ9gh9X7D6G7LIG-Ix5MJkkK5ummWz1R_IytIhZcI4KtXryVpB6CawebR2F4qejLNqCVkhMHuizpETnkIWM=s0-d-e1-ft#http:\/\/www.divulgacaoonline.com.br\/genoves.jpg\" \/><\/p>\n<\/div>","protected":false},"excerpt":{"rendered":"<p>Plano Integrado de Educa\u00e7\u00e3o Ambiental define diretrizes\u00a0para 2020 a 2023 Na manh\u00e3 de ter\u00e7a-feira, 11, foi realizado a Oficina de\u00a0Atualiza\u00e7\u00e3o do Plano Integrado de Educa\u00e7\u00e3o Ambiental (PIEA) de Tim\u00f3teo(FOTOS), no Centro de Educa\u00e7\u00e3o Ambiental da\u00a0Aperam\/Oik\u00f3s. A programa\u00e7\u00e3o foi desenvolvida pelos parceiros do plano usando metodologias participativas,\u00a0fomentando um ambiente de discuss\u00f5es e produ\u00e7\u00e3o de informa\u00e7\u00f5es. Iniciou-se [&hellip;]<\/p>\n","protected":false},"author":1,"featured_media":0,"comment_status":"closed","ping_status":"closed","sticky":false,"template":"","format":"standard","meta":[],"categories":[185],"tags":[],"_links":{"self":[{"href":"https:\/\/www.folhadocomercio.net.br\/index.php?rest_route=\/wp\/v2\/posts\/10427"}],"collection":[{"href":"https:\/\/www.folhadocomercio.net.br\/index.php?rest_route=\/wp\/v2\/posts"}],"about":[{"href":"https:\/\/www.folhadocomercio.net.br\/index.php?rest_route=\/wp\/v2\/types\/post"}],"author":[{"embeddable":true,"href":"https:\/\/www.folhadocomercio.net.br\/index.php?rest_route=\/wp\/v2\/users\/1"}],"replies":[{"embeddable":true,"href":"https:\/\/www.folhadocomercio.net.br\/index.php?rest_route=%2Fwp%2Fv2%2Fcomments&post=10427"}],"version-history":[{"count":3,"href":"https:\/\/www.folhadocomercio.net.br\/index.php?rest_route=\/wp\/v2\/posts\/10427\/revisions"}],"predecessor-version":[{"id":10434,"href":"https:\/\/www.folhadocomercio.net.br\/index.php?rest_route=\/wp\/v2\/posts\/10427\/revisions\/10434"}],"wp:attachment":[{"href":"https:\/\/www.folhadocomercio.net.br\/index.php?rest_route=%2Fwp%2Fv2%2Fmedia&parent=10427"}],"wp:term":[{"taxonomy":"category","embeddable":true,"href":"https:\/\/www.folhadocomercio.net.br\/index.php?rest_route=%2Fwp%2Fv2%2Fcategories&post=10427"},{"taxonomy":"post_tag","embeddable":true,"href":"https:\/\/www.folhadocomercio.net.br\/index.php?rest_route=%2Fwp%2Fv2%2Ftags&post=10427"}],"curies":[{"name":"wp","href":"https:\/\/api.w.org\/{rel}","templated":true}]}}