{"id":10865,"date":"2020-05-01T18:38:07","date_gmt":"2020-05-01T21:38:07","guid":{"rendered":"http:\/\/www.folhadocomercio.com.br\/folha-do-comercio\/?p=10865"},"modified":"2020-05-01T18:41:46","modified_gmt":"2020-05-01T21:41:46","slug":"novo-decreto-em-timoteo","status":"publish","type":"post","link":"https:\/\/www.folhadocomercio.net.br\/?p=10865","title":{"rendered":"Novo Decreto em Tim\u00f3teo"},"content":{"rendered":"<div class=\"bt_bb_wrapper\"><div class=\"nH V8djrc byY\">\n<div class=\"nH\">\n<div class=\"ha\">\n<h2 id=\":oj\" class=\"hP\" tabindex=\"-1\" data-thread-perm-id=\"thread-f:1665525037344910148\" data-legacy-thread-id=\"171d223277766b44\">Tim\u00f3teo ajusta decreto de flexibiliza\u00e7\u00e3o com programa Minas Consciente do Governo Estadual<\/h2>\n<\/div>\n<\/div>\n<\/div>\n<div class=\"nH aHU\">\n<div class=\"nH hx\">\n<div class=\"nH\" role=\"list\">\n<div class=\"h7 ie nH oy8Mbf\" tabindex=\"-1\" role=\"listitem\">\n<div class=\"Bk\">\n<div class=\"G3 G2\">\n<div id=\":p3\">\n<div class=\"adn ads\" data-message-id=\"#msg-f:1665525037344910148\" data-legacy-message-id=\"171d223277766b44\">\n<div class=\"gs\">\n<div class=\"\">\n<div id=\":p6\" class=\"ii gt\">\n<div id=\":p5\" class=\"a3s aXjCH \">\n<div dir=\"ltr\">\n<div>\n<p>Um novo decreto (5.275) que disp\u00f5e sobre a postura do Munic\u00edpio, durante o estado de calamidade em sa\u00fade provocado pela pandemia da Covid-19, foi editado nesta sexta-feira (01\/05) pela Prefeitura de Tim\u00f3teo. O decreto trata do funcionamento de restaurantes, lanchonetes e bares.<\/p>\n<p>As novas medidas debatidas pelo comit\u00ea de enfrentamento ao coronavirus levou em conta a evolu\u00e7\u00e3o relativamente n\u00e3o comprometedora da contamina\u00e7\u00e3o pelo novo coronav\u00edrus em Tim\u00f3teo e na Regi\u00e3o Metropolitana do Vale do A\u00e7o; a disponibilidade de leitos para interna\u00e7\u00e3o de casos graves na rede hospitalar regional; e os impactos socioecon\u00f4micos da medida de isolamento social e restri\u00e7\u00e3o \u00e0 atividade empresarial. O lan\u00e7amento pelo governo de Estado do programa Minas Consciente voltada para a retomada das atividades empresariais, tamb\u00e9m pesou na publica\u00e7\u00e3o da norma.<\/p>\n<p>O decreto determina de forma excepcional a permiss\u00e3o para o funcionamento de restaurantes, lanchonetes e bares com a ocupa\u00e7\u00e3o de no m\u00e1ximo 50% da capacidade de pessoas no sal\u00e3o, com distanciamento m\u00ednimo de dois metros entre as mesas.<\/p>\n<p>Est\u00e1 vedado o autosservi\u00e7o nos restaurantes self-service, ou seja, o estabelecimento deve disponibilizar um colaborador para servir o prato para o cliente. Tamb\u00e9m est\u00e1 restringida a venda de bebidas.<\/p>\n<p>Os estabelecimentos devem se responsabilizar tamb\u00e9m pela organiza\u00e7\u00e3o de filas na parte interna e externa, observando a dist\u00e2ncia de dois metros entre as pessoas; a higiene das mesas e cadeiras; os talheres devem ser embalados individualmente. Os funcion\u00e1rios devem usar m\u00e1scaras durante todo o per\u00edodo de funcionamento que deve ser at\u00e9 \u00e0s 20h. Ap\u00f3s esse hor\u00e1rio s\u00f3 o servi\u00e7o de tele-entrega pode ser usado.<br \/>\nEst\u00e1 vedada ainda m\u00fasica ao vivo, espa\u00e7o kids, jogos e pula-pula. No caso dos bares est\u00e1 proibido servir no balc\u00e3o.<br \/>\nAs novas medidas levaram em conta a grande quantidade de reclama\u00e7\u00f5es recebidas pelo Munic\u00edpio de clientes que tinham que fazer as suas refei\u00e7\u00f5es, ao ar livre, \u00a0em banco de pra\u00e7as. Al\u00e9m disso o \u00a0Estado considerou o setor de alimentos, restaurantes e outros servi\u00e7os de alimenta\u00e7\u00e3o e bebidas como servi\u00e7os essenciais, por isso estabeleceu um protocolo \u00e0 parte.<\/p>\n<p>O decreto 5.285 tamb\u00e9m eleva o valor da multa por desobedi\u00eancia. O descumprimento gera autua\u00e7\u00e3o e em caso de reincid\u00eancia multa de 1000 Unidades Padr\u00e3o Fiscal do Munic\u00edpio de Tim\u00f3teo (UPFMT). No caso de nova desobedi\u00eancia a multa pode chegar a R$ 3000. A partir de segunda-feira duas novas equipes de fiscaliza\u00e7\u00e3o come\u00e7am a atuar no cumprimento do decreto.<\/p>\n<p><img src=\"https:\/\/ci5.googleusercontent.com\/proxy\/7HwdFJ9gh9X7D6G7LIG-Ix5MJkkK5ummWz1R_IytIhZcI4KtXryVpB6CawebR2F4qejLNqCVkhMHuizpETnkIWM=s0-d-e1-ft#http:\/\/www.divulgacaoonline.com.br\/genoves.jpg\" \/><\/p>\n<\/div>\n<\/div>\n<\/div>\n<\/div>\n<\/div>\n<\/div>\n<\/div>\n<\/div>\n<\/div>\n<\/div>\n<\/div>\n<\/div>\n<\/div>\n<\/div>\n<\/div>","protected":false},"excerpt":{"rendered":"<p>Tim\u00f3teo ajusta decreto de flexibiliza\u00e7\u00e3o com programa Minas Consciente do Governo Estadual Um novo decreto (5.275) que disp\u00f5e sobre a postura do Munic\u00edpio, durante o estado de calamidade em sa\u00fade provocado pela pandemia da Covid-19, foi editado nesta sexta-feira (01\/05) pela Prefeitura de Tim\u00f3teo. O decreto trata do funcionamento de restaurantes, lanchonetes e bares. As [&hellip;]<\/p>\n","protected":false},"author":1,"featured_media":0,"comment_status":"closed","ping_status":"closed","sticky":false,"template":"","format":"standard","meta":[],"categories":[2],"tags":[],"_links":{"self":[{"href":"https:\/\/www.folhadocomercio.net.br\/index.php?rest_route=\/wp\/v2\/posts\/10865"}],"collection":[{"href":"https:\/\/www.folhadocomercio.net.br\/index.php?rest_route=\/wp\/v2\/posts"}],"about":[{"href":"https:\/\/www.folhadocomercio.net.br\/index.php?rest_route=\/wp\/v2\/types\/post"}],"author":[{"embeddable":true,"href":"https:\/\/www.folhadocomercio.net.br\/index.php?rest_route=\/wp\/v2\/users\/1"}],"replies":[{"embeddable":true,"href":"https:\/\/www.folhadocomercio.net.br\/index.php?rest_route=%2Fwp%2Fv2%2Fcomments&post=10865"}],"version-history":[{"count":2,"href":"https:\/\/www.folhadocomercio.net.br\/index.php?rest_route=\/wp\/v2\/posts\/10865\/revisions"}],"predecessor-version":[{"id":10867,"href":"https:\/\/www.folhadocomercio.net.br\/index.php?rest_route=\/wp\/v2\/posts\/10865\/revisions\/10867"}],"wp:attachment":[{"href":"https:\/\/www.folhadocomercio.net.br\/index.php?rest_route=%2Fwp%2Fv2%2Fmedia&parent=10865"}],"wp:term":[{"taxonomy":"category","embeddable":true,"href":"https:\/\/www.folhadocomercio.net.br\/index.php?rest_route=%2Fwp%2Fv2%2Fcategories&post=10865"},{"taxonomy":"post_tag","embeddable":true,"href":"https:\/\/www.folhadocomercio.net.br\/index.php?rest_route=%2Fwp%2Fv2%2Ftags&post=10865"}],"curies":[{"name":"wp","href":"https:\/\/api.w.org\/{rel}","templated":true}]}}