{"id":10868,"date":"2020-05-02T11:30:09","date_gmt":"2020-05-02T14:30:09","guid":{"rendered":"http:\/\/www.folhadocomercio.com.br\/folha-do-comercio\/?p=10868"},"modified":"2020-05-02T11:31:07","modified_gmt":"2020-05-02T14:31:07","slug":"ninguem-vai-querer-dar-o-golpe-para-cima-de-mim-nao-diz-bolsonaro","status":"publish","type":"post","link":"https:\/\/www.folhadocomercio.net.br\/?p=10868","title":{"rendered":"&#8216;Ningu\u00e9m vai querer dar o golpe para cima de mim, n\u00e3o&#8217;, diz Bolsonaro"},"content":{"rendered":"<div class=\"bt_bb_wrapper\"><section class=\"bg-gray-extra\">\n<div class=\"container container-full-width\">\n<div class=\"row head-cover\">\n<div class=\"col-sm-10 col-sm-offset-1 head-cover-title\">\n<h4 class=\"txt-gray mb-0 center-wall\">Presidente deu declara\u00e7\u00e3o nesta manh\u00e3, sem esclarecer a quem se referi<\/h4>\n<\/div>\n<\/div>\n<p>&nbsp;<\/p>\n<\/div>\n<\/section>\n<section>\n<div class=\"container container-full-width mt-20 mb-20\">\n<div class=\"row\">\n<div id=\"esquerda_8_12_1\" class=\"col-sm-10 col-sm-offset-1 col-md-6 mb-35 js-tools-fixed-parent\">\n<article>\n<nav class=\"nav-fix hidden-print js-tools-fixed mb-xs-10 active\" data-id=\"call-action\">\n<hr class=\"gray-light mt-10 mb-2 ml-10 mr-10\" \/>\n<\/nav>\n<div id=\"rs_read_this2\" class=\"txt-serif js-article-box article-box mt-15 article-box-capitalize p402_premium\">\n<div class=\"img-mobile-full mb-20 p402_hide\">\n<figure>O presidente\u00a0<strong>Jair Bolsonaro\u00a0<\/strong>disse na manh\u00e3 deste s\u00e1bado, 2, que n\u00e3o ser\u00e1 alvo de nenhum &#8220;<strong>golpe<\/strong>&#8221; em seu governo. A declara\u00e7\u00e3o foi dada a um grupo de apoiadores que se aglomeravam em frente ao Pal\u00e1cio do Alvorada.<\/figure>\n<\/div>\n<p>&#8220;Ningu\u00e9m vai fazer nada ao arrepio da Constitui\u00e7\u00e3o&#8221;, disse Bolsonaro. &#8220;<strong>Ningu\u00e9m vai querer dar o golpe para cima de mim, n\u00e3o<\/strong>&#8220;, declarou. Ap\u00f3s o coment\u00e1rio, Bolsonaro entrou no carro e partiu,\u00a0<strong>sem dizer exatamente ao que se referia<\/strong>. A assessoria do presidente\u00a0<strong>n\u00e3o informou o destino de Bolsonaro\u00a0<\/strong>ao deixar o Alvorada.<\/p>\n<p>Bolsonaro enfrenta um momento de forte desgaste com o\u00a0<strong>presidente da C\u00e2mara<\/strong>,\u00a0<strong>Rodrigo Maia<\/strong>, e com o\u00a0<strong>Supremo Tribunal Federal<\/strong>.\u00a0<a href=\"https:\/\/www.em.com.br\/app\/noticia\/politica\/2020\/04\/20\/interna_politica,1140328\/maia-cancela-agenda-no-dia-seguinte-a-participacao-de-bolsonaro-em-ato.shtml\" target=\"blank\">No dia 20 de abril, ele participou de um ato p\u00fablico que pedia interven\u00e7\u00e3o militar no Pa\u00eds e o fechamento da C\u00e2mara e do STF<\/a>.<\/p>\n<p>Em entrevista ao jornal\u00a0<em>O Estado de S. Paulo<\/em>\u00a0publicada neste s\u00e1bado, o ministro\u00a0<strong>Lu\u00eds Roberto Barroso<\/strong>, do STF, disse que, numa democracia, a maneira de se administrar a decep\u00e7\u00e3o \u00e9 com elei\u00e7\u00f5es.<\/p>\n<div class=\"col-xs-12 ads ads__with-bg hidden-print p-0 mt-25 mb-25 p402_hide\">\n<div id=\"em-publicidade-retangulo-interna\" data-ads-callback=\"event.isEmpty &amp;&amp; (elmtg.parentNode.style.display = &quot;none&quot;)\" data-google-query-id=\"CJjP7eewlekCFTctuQYd6D4OvQ\">\n<div id=\"google_ads_iframe_\/6887\/uai\/em\/politica\/interna_2__container__\"><strong>Impeachment \u00e9 a \u00faltima op\u00e7\u00e3o<\/strong>&#8220;, afirmou. Sem se debru\u00e7ar sobre acusa\u00e7\u00f5es com potencial de levar Bolsonaro a deixar o governo depois de Dilma Rousseff (2016) e Fernando Collor (1992), o ministro foi taxativo: &#8220;<strong>\u00c9 preciso que os fatos sejam graves, demonstrados<\/strong>&#8220;.<\/div>\n<\/div>\n<\/div>\n<p>Neste s\u00e1bado, o ex-ministro da Justi\u00e7a e Seguran\u00e7a P\u00fablica,\u00a0<strong>S\u00e9rgio Moro<\/strong>, vai prestar depoimento \u00e0 Pol\u00edcia Federal e \u00e0 Procuradoria-Geral da Rep\u00fablica em Curitiba (PR), sobre as acusa\u00e7\u00f5es de interven\u00e7\u00e3o de Bolsonaro na PF.<\/p>\n<p>Nesta sexta, 1\u00ba, Bolsonaro esteve reunido por cerca de tr\u00eas horas com o novo ministro da Justi\u00e7a,\u00a0<strong>Andr\u00e9 Mendon\u00e7a<\/strong>, no Pal\u00e1cio da Alvorada. O compromisso n\u00e3o contava na agenda oficial das autoridades.<\/p>\n<p>Moro deixou o minist\u00e9rio na semana passada fazendo acusa\u00e7\u00f5es diretas ao presidente e exibiu, no Jornal Nacional, da\u00a0<em>TV Globo<\/em>, mensagem de Bolsonaro cobrando mudan\u00e7a no comando da PF, por causa de investiga\u00e7\u00f5es envolvendo deputados bolsonaristas.<\/p>\n<p>As informa\u00e7\u00f5es levaram o ministro do STF\u00a0<strong>Alexandre de Moraes\u00a0<\/strong>a determinar a suspens\u00e3o de\u00a0<strong>Ramagem<\/strong>\u00a0no dia de sua nomea\u00e7\u00e3o, o que pegou o governo de surpresa e deixou Bolsonaro indignado. Se no dia o presidente disse que entendia e respeitava a decis\u00e3o do Judici\u00e1rio, no outro declarou que n\u00e3o tinha &#8220;engolido&#8221; ainda o assunto.<\/p>\n<p>Na quinta-feira, 30, Bolsonaro declarou, em transmiss\u00e3o feita por meio de suas redes sociais, que tinha feito um &#8220;desabafo&#8221; ao avaliar como motiva\u00e7\u00e3o pol\u00edtica a decis\u00e3o do ministro Alexandre de Moraes, de barrar a nomea\u00e7\u00e3o de Ramagem.<\/p>\n<p>Bolsonaro voltou a insistir para que o STF reveja a decis\u00e3o e pediu para que os ministros levem em conta o curr\u00edculo do policial. Na PF desde 2005, Ramagem tem experi\u00eancia no combate ao crime organizado e de colarinho branco, mas teve a indica\u00e7\u00e3o criticada por conta do\u00a0<strong>lobby que os filhos do presidente fizeram para que ele fosse o escolhido<\/strong>\u00a0em substitui\u00e7\u00e3o a Maur\u00edcio Valeixo<\/p>\n<\/div>\n<\/article>\n<\/div>\n<\/div>\n<\/div>\n<\/section>\n<\/div>","protected":false},"excerpt":{"rendered":"<p>Presidente deu declara\u00e7\u00e3o nesta manh\u00e3, sem esclarecer a quem se referi &nbsp; O presidente\u00a0Jair Bolsonaro\u00a0disse na manh\u00e3 deste s\u00e1bado, 2, que n\u00e3o ser\u00e1 alvo de nenhum &#8220;golpe&#8221; em seu governo. A declara\u00e7\u00e3o foi dada a um grupo de apoiadores que se aglomeravam em frente ao Pal\u00e1cio do Alvorada. &#8220;Ningu\u00e9m vai fazer nada ao arrepio da [&hellip;]<\/p>\n","protected":false},"author":1,"featured_media":0,"comment_status":"closed","ping_status":"closed","sticky":false,"template":"","format":"standard","meta":[],"categories":[324],"tags":[],"_links":{"self":[{"href":"https:\/\/www.folhadocomercio.net.br\/index.php?rest_route=\/wp\/v2\/posts\/10868"}],"collection":[{"href":"https:\/\/www.folhadocomercio.net.br\/index.php?rest_route=\/wp\/v2\/posts"}],"about":[{"href":"https:\/\/www.folhadocomercio.net.br\/index.php?rest_route=\/wp\/v2\/types\/post"}],"author":[{"embeddable":true,"href":"https:\/\/www.folhadocomercio.net.br\/index.php?rest_route=\/wp\/v2\/users\/1"}],"replies":[{"embeddable":true,"href":"https:\/\/www.folhadocomercio.net.br\/index.php?rest_route=%2Fwp%2Fv2%2Fcomments&post=10868"}],"version-history":[{"count":2,"href":"https:\/\/www.folhadocomercio.net.br\/index.php?rest_route=\/wp\/v2\/posts\/10868\/revisions"}],"predecessor-version":[{"id":10870,"href":"https:\/\/www.folhadocomercio.net.br\/index.php?rest_route=\/wp\/v2\/posts\/10868\/revisions\/10870"}],"wp:attachment":[{"href":"https:\/\/www.folhadocomercio.net.br\/index.php?rest_route=%2Fwp%2Fv2%2Fmedia&parent=10868"}],"wp:term":[{"taxonomy":"category","embeddable":true,"href":"https:\/\/www.folhadocomercio.net.br\/index.php?rest_route=%2Fwp%2Fv2%2Fcategories&post=10868"},{"taxonomy":"post_tag","embeddable":true,"href":"https:\/\/www.folhadocomercio.net.br\/index.php?rest_route=%2Fwp%2Fv2%2Ftags&post=10868"}],"curies":[{"name":"wp","href":"https:\/\/api.w.org\/{rel}","templated":true}]}}