{"id":10871,"date":"2020-05-04T11:23:39","date_gmt":"2020-05-04T14:23:39","guid":{"rendered":"http:\/\/www.folhadocomercio.com.br\/folha-do-comercio\/?p=10871"},"modified":"2020-05-04T11:23:39","modified_gmt":"2020-05-04T14:23:39","slug":"bolsonaro-nomeia-braco-direito-de-ramagem-para-comando-da-pf","status":"publish","type":"post","link":"https:\/\/www.folhadocomercio.net.br\/?p=10871","title":{"rendered":"Bolsonaro nomeia &#8216;bra\u00e7o direito&#8217; de Ramagem para comando da PF"},"content":{"rendered":"<div class=\"bt_bb_wrapper\"><div class=\"nm-custom-decoration politica\"><\/div>\n<h2 class=\"news-subheadline\">Depois da suspens\u00e3o, Ramagem voltou \u00e0 dire\u00e7\u00e3o-geral da Abin<\/h2>\n<div class=\"news-main-image \"><picture><source srcset=\"https:\/\/media-manager.noticiasaominuto.com.br\/640\/naom_5eb017c8ba4a9.jpg\" media=\"(max-width: 640px)\" \/><source srcset=\"https:\/\/media-manager.noticiasaominuto.com.br\/960\/naom_5eb017c8ba4a9.jpg\" media=\"(max-width: 960px)\" \/><img class=\"img-responsive \" src=\"https:\/\/media-manager.noticiasaominuto.com.br\/1920\/naom_5eb017c8ba4a9.jpg\" alt=\"Bolsonaro nomeia 'bra\u00e7o direito' de Ramagem para comando da PF\" \/><\/picture><\/div>\n<div class=\"row\">\n<div class=\"col-lg-12 col-md-12 col-sm-6 col-xs-6\">\n<p class=\"news-main-image-copyright text-left\">\u00a9 Reuters<\/p>\n<\/div>\n<\/div>\n<div class=\"row news-info-container no-margin\">\n<div class=\"col-lg-6 col-md-6 col-sm-6 col-xs-12 no-padding\">\n<p><img class=\"img-responsive\" src=\"https:\/\/cdn.noticiasaominuto.com.br\/img\/equipa\/pessoa\/naom.png\" alt=\"Not\u00edcias ao Minuto Brasil\" \/><\/p>\n<p class=\"news-info-time-author\"><span class=\"news-info-time\">04\/05\/20 10:27 \u2027 H\u00c1 36 MINS<\/span>\u00a0POR ESTADAO CONTEUDO<\/p>\n<p class=\"news-info-tag\"><span class=\"nm-custom-label-category politica\">POL\u00cdTICA<\/span>\u00a0<a href=\"https:\/\/www.noticiasaominuto.com.br\/politica\/tag\/pf\">PF<\/a><\/p>\n<\/div>\n<div class=\"col-lg-6 col-md-6 col-sm-6 hidden-xs no-padding\">\n<div class=\"news-social\">\n<div class=\"fb-share-button fb_iframe_widget\" data-href=\"https:\/\/www.noticiasaominuto.com.br\/politica\/1424055\/bolsonaro-nomeia-braco-direito-de-ramagem-para-comando-da-pf?utm_medium=social&amp;utm_source=facebook.com&amp;utm_campaign=buffer\" data-layout=\"button\" data-size=\"small\" data-mobile-iframe=\"true\"><iframe loading=\"lazy\" class=\"\" title=\"fb:share_button Facebook Social Plugin\" src=\"https:\/\/www.facebook.com\/v2.8\/plugins\/share_button.php?app_id=523366067743581&amp;channel=https%3A%2F%2Fstaticxx.facebook.com%2Fconnect%2Fxd_arbiter.php%3Fversion%3D46%23cb%3Dfcd08331ef7108%26domain%3Dwww.noticiasaominuto.com.br%26origin%3Dhttps%253A%252F%252Fwww.noticiasaominuto.com.br%252Ff166a8fd37697b4%26relation%3Dparent.parent&amp;container_width=294&amp;href=https%3A%2F%2Fwww.noticiasaominuto.com.br%2Fpolitica%2F1424055%2Fbolsonaro-nomeia-braco-direito-de-ramagem-para-comando-da-pf%3Futm_medium%3Dsocial%26utm_source%3Dfacebook.com%26utm_campaign%3Dbuffer&amp;layout=button&amp;locale=pt_BR&amp;mobile_iframe=true&amp;sdk=joey&amp;size=small\" name=\"f3f8b3b1629aca\" width=\"1000px\" height=\"1000px\" frameborder=\"0\" scrolling=\"no\" allowfullscreen=\"allowfullscreen\" data-testid=\"fb:share_button Facebook Social Plugin\" data-mce-fragment=\"1\"><\/iframe><\/div>\n<div class=\"fb-like fb_iframe_widget\" data-href=\"https:\/\/www.noticiasaominuto.com.br\/politica\/1424055\/bolsonaro-nomeia-braco-direito-de-ramagem-para-comando-da-pf?utm_medium=social&amp;utm_source=facebook.com&amp;utm_campaign=buffer\" data-layout=\"button\" data-action=\"like\" data-size=\"small\" data-show-faces=\"true\" data-share=\"false\"><iframe loading=\"lazy\" class=\"\" title=\"fb:like Facebook Social Plugin\" src=\"https:\/\/www.facebook.com\/v2.8\/plugins\/like.php?action=like&amp;app_id=523366067743581&amp;channel=https%3A%2F%2Fstaticxx.facebook.com%2Fconnect%2Fxd_arbiter.php%3Fversion%3D46%23cb%3Df14c0494f37d194%26domain%3Dwww.noticiasaominuto.com.br%26origin%3Dhttps%253A%252F%252Fwww.noticiasaominuto.com.br%252Ff166a8fd37697b4%26relation%3Dparent.parent&amp;container_width=150&amp;href=https%3A%2F%2Fwww.noticiasaominuto.com.br%2Fpolitica%2F1424055%2Fbolsonaro-nomeia-braco-direito-de-ramagem-para-comando-da-pf%3Futm_medium%3Dsocial%26utm_source%3Dfacebook.com%26utm_campaign%3Dbuffer&amp;layout=button&amp;locale=pt_BR&amp;sdk=joey&amp;share=false&amp;show_faces=true&amp;size=small\" name=\"f3d61ae2c5593a8\" width=\"1000px\" height=\"1000px\" frameborder=\"0\" scrolling=\"no\" allowfullscreen=\"allowfullscreen\" data-testid=\"fb:like Facebook Social Plugin\" data-mce-fragment=\"1\"><\/iframe><\/div>\n<p><iframe id=\"twitter-widget-0\" class=\"twitter-share-button twitter-share-button-rendered twitter-tweet-button\" title=\"Twitter Tweet Button\" src=\"https:\/\/platform.twitter.com\/widgets\/tweet_button.c63890edc4243ee77048d507b181eeec.pt.html#dnt=false&amp;id=twitter-widget-0&amp;lang=pt&amp;original_referer=https%3A%2F%2Fwww.noticiasaominuto.com.br%2Fpolitica%2F1424055%2Fbolsonaro-nomeia-braco-direito-de-ramagem-para-comando-da-pf&amp;size=m&amp;text=Bolsonaro%20nomeia%20%27bra%C3%A7o%20direito%27%20de%20Ramagem%20para%20comando%20da%20PF&amp;time=1588601058605&amp;type=share&amp;url=https%3A%2F%2Fwww.noticiasaominuto.com.br%2Fpolitica%2F1424055%2Fbolsonaro-nomeia-braco-direito-de-ramagem-para-comando-da-pf%3Futm_medium%3Dsocial%26utm_source%3Dtwitter.com%26utm_campaign%3Dbuffer&amp;via=noticiaaominutobr\" frameborder=\"0\" scrolling=\"no\" allowfullscreen=\"allowfullscreen\" data-url=\"https:\/\/www.noticiasaominuto.com.br\/politica\/1424055\/bolsonaro-nomeia-braco-direito-de-ramagem-para-comando-da-pf?utm_medium=social&amp;utm_source=twitter.com&amp;utm_campaign=buffer\" data-mce-fragment=\"1\"><\/iframe><a class=\"whatsapp-share-button\" href=\"https:\/\/web.whatsapp.com\/send?text=https%3A%2F%2Fwww.noticiasaominuto.com.br%2Fpolitica%2F1424055%2Fbolsonaro-nomeia-braco-direito-de-ramagem-para-comando-da-pf%3Futm_medium%3Dsocial%26utm_source%3Dweb.whatsapp.com%26utm_campaign%3Dbuffer\" target=\"_blank\" rel=\"noopener\" data-action=\"share\/whatsapp\/share\"><img src=\"https:\/\/www.noticiasaominuto.com.br\/img\/svg\/whatsapp.svg\" \/>Partilhar<\/a><\/p>\n<\/div>\n<\/div>\n<\/div>\n<div class=\"row news-main-text-container\">\n<div class=\"col-lg-12 col-md-12 col-sm-12 col-xs-12\">\n<div class=\"news-main-text\">\n<p><span class=\"news_capital_letter\">O<\/span>presidente da Rep\u00fablica, Jair Bolsonaro, formalizou no Di\u00e1rio Oficial da Uni\u00e3o (DOU) a nomea\u00e7\u00e3o do delegado Rolando Alexandre de Souza para exercer o cargo de diretor-geral da Pol\u00edcia Federal. Para assumir o comando da PF, Rolando Alexandre de Souza foi exonerado do cargo que ocupava na Ag\u00eancia Brasileira de Intelig\u00eancia (Abin).<\/p>\n<div class=\"pub-container inside-news\">\n<div class=\"pub-space\">\u00a0<ins class=\"adsbygoogle\" data-ad-client=\"ca-pub-5990868310294203\" data-ad-slot=\"1636004644\" data-adsbygoogle-status=\"done\"><ins id=\"aswift_1_expand\"><ins id=\"aswift_1_anchor\"><iframe loading=\"lazy\" id=\"aswift_1\" src=\"https:\/\/googleads.g.doubleclick.net\/pagead\/ads?client=ca-pub-5990868310294203&amp;output=html&amp;h=250&amp;slotname=1636004644&amp;adk=4121174086&amp;adf=2232939446&amp;w=300&amp;lmt=1588601057&amp;pucrd=CgYgASgBOAF4Aw&amp;psa=1&amp;guci=2.2.0.0.2.2.0.0&amp;format=300x250&amp;url=https%3A%2F%2Fwww.noticiasaominuto.com.br%2Fpolitica%2F1424055%2Fbolsonaro-nomeia-braco-direito-de-ramagem-para-comando-da-pf&amp;flash=0&amp;wgl=1&amp;adsid=NT&amp;dt=1588601057536&amp;bpp=18&amp;bdt=279&amp;idt=393&amp;shv=r20200428&amp;cbv=r20190131&amp;ptt=9&amp;saldr=aa&amp;abxe=1&amp;cookie=ID%3D7076a7feb8cbf3d6%3AT%3D1588353504%3AS%3DALNI_Ma-pAU4OJ5aiIkKjAf3LJ51a_Fkpw&amp;crv=1&amp;prev_fmts=0x0&amp;nras=1&amp;correlator=4414965723987&amp;frm=20&amp;pv=1&amp;ga_vid=345876385.1489319928&amp;ga_sid=1588601058&amp;ga_hid=2040238946&amp;ga_fc=1&amp;iag=0&amp;icsg=8796663611904&amp;dssz=39&amp;mdo=0&amp;mso=0&amp;u_tz=-180&amp;u_his=4&amp;u_java=0&amp;u_h=768&amp;u_w=1366&amp;u_ah=728&amp;u_aw=1366&amp;u_cd=24&amp;u_nplug=3&amp;u_nmime=4&amp;adx=35&amp;ady=1141&amp;biw=1349&amp;bih=657&amp;scr_x=0&amp;scr_y=0&amp;eid=21065473%2C21065475&amp;oid=3&amp;pvsid=1490957023097982&amp;pem=945&amp;ref=https%3A%2F%2Fwww.noticiasaominuto.com.br%2Fpolitica&amp;rx=0&amp;eae=0&amp;fc=1920&amp;brdim=0%2C0%2C0%2C0%2C1366%2C0%2C1366%2C728%2C1366%2C657&amp;vis=1&amp;rsz=%7C%7CleEbr%7C&amp;abl=CS&amp;pfx=0&amp;fu=8208&amp;bc=31&amp;jar=2020-05-04-13&amp;ifi=1&amp;uci=a!1&amp;btvi=1&amp;fsb=1&amp;xpc=UUIPsZSlCS&amp;p=https%3A\/\/www.noticiasaominuto.com.br&amp;dtd=416\" name=\"aswift_1\" width=\"300\" height=\"250\" frameborder=\"0\" marginwidth=\"0\" marginheight=\"0\" scrolling=\"no\" sandbox=\"allow-forms allow-pointer-lock allow-popups allow-popups-to-escape-sandbox allow-same-origin allow-scripts allow-top-navigation-by-user-activation\" allowfullscreen=\"allowfullscreen\" data-google-container-id=\"a!1\" data-google-query-id=\"COauo42wmukCFTMqswAdPEsJ-Q\" data-load-complete=\"true\" data-mce-fragment=\"1\"><\/iframe><\/ins><\/ins><\/ins><\/div>\n<\/div>\n<p>Conforme o jornal O Estado de S. Paulo informou, Rolando de Souza \u00e9 considerado &#8220;bra\u00e7o direito&#8221; de Alexandre Ramagem.<\/p>\n<p>A nomea\u00e7\u00e3o dele, que era secret\u00e1rio de Planejamento e Gest\u00e3o da Abin, \u00e9 vista como solu\u00e7\u00e3o alternativa enquanto Bolsonaro tenta reverter a decis\u00e3o do Supremo Tribunal Federal (STF) que impediu Ramagem de assumir o comando da Pol\u00edcia Federal.<\/p>\n<p>Veja tamb\u00e9m:\u00a0<a href=\"https:\/\/www.noticiasaominuto.com.br\/politica\/1423834\/ato-golpista-de-bolsonaro-torna-obrigatoria-explicacao-de-militares\" target=\"_blank\" rel=\"noopener\">Ato golpista de Bolsonaro torna obrigat\u00f3ria explica\u00e7\u00e3o de militares<\/a><\/p>\n<p>Depois da suspens\u00e3o, Ramagem voltou \u00e0 dire\u00e7\u00e3o-geral da Abin.<\/p>\n<p>Com Rolando de Souza no comando da institui\u00e7\u00e3o, o presidente tamb\u00e9m procura manter a influ\u00eancia de Ramagem, que \u00e9 pr\u00f3ximo \u00e0 fam\u00edlia Bolsonaro, na Pol\u00edcia Federal.<\/p>\n<p>Segundo pessoas pr\u00f3ximas ao presidente, o diretor-geral da Abin tem participado diretamente das decis\u00f5es sobre o futuro do comando da PF, uma atribui\u00e7\u00e3o do ministro da Justi\u00e7a, Andr\u00e9 Luiz Mendon\u00e7a.<\/p>\n<\/div>\n<\/div>\n<\/div>\n<\/div>","protected":false},"excerpt":{"rendered":"<p>Depois da suspens\u00e3o, Ramagem voltou \u00e0 dire\u00e7\u00e3o-geral da Abin \u00a9 Reuters 04\/05\/20 10:27 \u2027 H\u00c1 36 MINS\u00a0POR ESTADAO CONTEUDO POL\u00cdTICA\u00a0PF Partilhar Opresidente da Rep\u00fablica, Jair Bolsonaro, formalizou no Di\u00e1rio Oficial da Uni\u00e3o (DOU) a nomea\u00e7\u00e3o do delegado Rolando Alexandre de Souza para exercer o cargo de diretor-geral da Pol\u00edcia Federal. Para assumir o comando da [&hellip;]<\/p>\n","protected":false},"author":1,"featured_media":0,"comment_status":"closed","ping_status":"closed","sticky":false,"template":"","format":"standard","meta":[],"categories":[324,1],"tags":[],"_links":{"self":[{"href":"https:\/\/www.folhadocomercio.net.br\/index.php?rest_route=\/wp\/v2\/posts\/10871"}],"collection":[{"href":"https:\/\/www.folhadocomercio.net.br\/index.php?rest_route=\/wp\/v2\/posts"}],"about":[{"href":"https:\/\/www.folhadocomercio.net.br\/index.php?rest_route=\/wp\/v2\/types\/post"}],"author":[{"embeddable":true,"href":"https:\/\/www.folhadocomercio.net.br\/index.php?rest_route=\/wp\/v2\/users\/1"}],"replies":[{"embeddable":true,"href":"https:\/\/www.folhadocomercio.net.br\/index.php?rest_route=%2Fwp%2Fv2%2Fcomments&post=10871"}],"version-history":[{"count":2,"href":"https:\/\/www.folhadocomercio.net.br\/index.php?rest_route=\/wp\/v2\/posts\/10871\/revisions"}],"predecessor-version":[{"id":10875,"href":"https:\/\/www.folhadocomercio.net.br\/index.php?rest_route=\/wp\/v2\/posts\/10871\/revisions\/10875"}],"wp:attachment":[{"href":"https:\/\/www.folhadocomercio.net.br\/index.php?rest_route=%2Fwp%2Fv2%2Fmedia&parent=10871"}],"wp:term":[{"taxonomy":"category","embeddable":true,"href":"https:\/\/www.folhadocomercio.net.br\/index.php?rest_route=%2Fwp%2Fv2%2Fcategories&post=10871"},{"taxonomy":"post_tag","embeddable":true,"href":"https:\/\/www.folhadocomercio.net.br\/index.php?rest_route=%2Fwp%2Fv2%2Ftags&post=10871"}],"curies":[{"name":"wp","href":"https:\/\/api.w.org\/{rel}","templated":true}]}}