{"id":10876,"date":"2020-05-04T13:09:09","date_gmt":"2020-05-04T16:09:09","guid":{"rendered":"http:\/\/www.folhadocomercio.com.br\/folha-do-comercio\/?p=10876"},"modified":"2020-05-04T13:09:23","modified_gmt":"2020-05-04T16:09:23","slug":"ator-flavio-migliaccio-morre-aos-85-anos","status":"publish","type":"post","link":"https:\/\/www.folhadocomercio.net.br\/?p=10876","title":{"rendered":"Ator Fl\u00e1vio Migliaccio morre aos 85 anos"},"content":{"rendered":"<div class=\"bt_bb_wrapper\"><div class=\"nm-custom-decoration fama\"><\/div>\n<h2 class=\"news-subheadline\">O artista foi encontrado morto em seu s\u00edtio no Rio de Janeiro<\/h2>\n<div class=\"news-main-image \"><picture><source srcset=\"https:\/\/media-manager.noticiasaominuto.com.br\/640\/naom_5eb036088716d.jpg\" media=\"(max-width: 640px)\" \/><source srcset=\"https:\/\/media-manager.noticiasaominuto.com.br\/960\/naom_5eb036088716d.jpg\" media=\"(max-width: 960px)\" \/><img class=\"img-responsive \" src=\"https:\/\/media-manager.noticiasaominuto.com.br\/1920\/naom_5eb036088716d.jpg\" alt=\"Ator Fl\u00e1vio Migliaccio morre aos 85 anos\" \/><\/picture><\/div>\n<div class=\"row news-info-container no-margin\">\n<div class=\"col-lg-6 col-md-6 col-sm-6 hidden-xs no-padding\">\n<div class=\"news-social\"><\/div>\n<\/div>\n<\/div>\n<div class=\"row news-main-text-container\">\n<div class=\"col-lg-12 col-md-12 col-sm-12 col-xs-12\">\n<div class=\"news-main-text\">\n<p><span class=\"news_capital_letter\">N<\/span>esta segunda-feira (4), morreu o ator Fl\u00e1vio Migliaccio, aos 85 anos, no Rio de Janeiro. Contratado da TV Globo, onde fez personagens de sucesso em novelas e s\u00e9ries, o artista foi encontrado morto em seu s\u00edtio, na Serra do Samb\u00ea.<\/p>\n<div class=\"pub-container inside-news\">\n<div class=\"pub-space\">\u00a0Segundo informa\u00e7\u00f5es s\u00e3o do colunista Ancelmo G\u00f3is, do jornal &#8216;O Globo, o\u00a0corpo do ator foi encontrado pelo caseiro do s\u00edtio, que avisou a Pol\u00edcia Militar.<\/div>\n<\/div>\n<p>Ainda n\u00e3o se sabe a causa da morte e tamb\u00e9m n\u00e3o foram divulgadasinforma\u00e7\u00f5es sobre o vel\u00f3rio e o enterro do ator.<\/p>\n<\/div>\n<\/div>\n<\/div>\n<\/div>","protected":false},"excerpt":{"rendered":"<p>O artista foi encontrado morto em seu s\u00edtio no Rio de Janeiro Nesta segunda-feira (4), morreu o ator Fl\u00e1vio Migliaccio, aos 85 anos, no Rio de Janeiro. Contratado da TV Globo, onde fez personagens de sucesso em novelas e s\u00e9ries, o artista foi encontrado morto em seu s\u00edtio, na Serra do Samb\u00ea. \u00a0Segundo informa\u00e7\u00f5es s\u00e3o [&hellip;]<\/p>\n","protected":false},"author":1,"featured_media":0,"comment_status":"closed","ping_status":"closed","sticky":false,"template":"","format":"standard","meta":[],"categories":[403],"tags":[],"_links":{"self":[{"href":"https:\/\/www.folhadocomercio.net.br\/index.php?rest_route=\/wp\/v2\/posts\/10876"}],"collection":[{"href":"https:\/\/www.folhadocomercio.net.br\/index.php?rest_route=\/wp\/v2\/posts"}],"about":[{"href":"https:\/\/www.folhadocomercio.net.br\/index.php?rest_route=\/wp\/v2\/types\/post"}],"author":[{"embeddable":true,"href":"https:\/\/www.folhadocomercio.net.br\/index.php?rest_route=\/wp\/v2\/users\/1"}],"replies":[{"embeddable":true,"href":"https:\/\/www.folhadocomercio.net.br\/index.php?rest_route=%2Fwp%2Fv2%2Fcomments&post=10876"}],"version-history":[{"count":1,"href":"https:\/\/www.folhadocomercio.net.br\/index.php?rest_route=\/wp\/v2\/posts\/10876\/revisions"}],"predecessor-version":[{"id":10877,"href":"https:\/\/www.folhadocomercio.net.br\/index.php?rest_route=\/wp\/v2\/posts\/10876\/revisions\/10877"}],"wp:attachment":[{"href":"https:\/\/www.folhadocomercio.net.br\/index.php?rest_route=%2Fwp%2Fv2%2Fmedia&parent=10876"}],"wp:term":[{"taxonomy":"category","embeddable":true,"href":"https:\/\/www.folhadocomercio.net.br\/index.php?rest_route=%2Fwp%2Fv2%2Fcategories&post=10876"},{"taxonomy":"post_tag","embeddable":true,"href":"https:\/\/www.folhadocomercio.net.br\/index.php?rest_route=%2Fwp%2Fv2%2Ftags&post=10876"}],"curies":[{"name":"wp","href":"https:\/\/api.w.org\/{rel}","templated":true}]}}