{"id":11496,"date":"2021-01-02T12:11:28","date_gmt":"2021-01-02T15:11:28","guid":{"rendered":"http:\/\/www.folhadocomercio.com.br\/folha-do-comercio\/?p=11496"},"modified":"2021-01-02T12:27:44","modified_gmt":"2021-01-02T15:27:44","slug":"11496","status":"publish","type":"post","link":"https:\/\/www.folhadocomercio.net.br\/?p=11496","title":{"rendered":"Dr. Marcos Vinicius toma posse pela 2\u00aa vez em Fabriciano"},"content":{"rendered":"<div class=\"bt_bb_wrapper\"><p align=\"center\"><img loading=\"lazy\" class=\"size-medium wp-image-11499 alignright\" src=\"http:\/\/www.folhadocomercio.com.br\/folha-do-comercio\/wp-content\/uploads\/2021\/01\/ALUCAS-640x427.jpeg\" alt=\"\" width=\"640\" height=\"427\" srcset=\"https:\/\/www.folhadocomercio.net.br\/wp-content\/uploads\/2021\/01\/ALUCAS-640x427.jpeg 640w, https:\/\/www.folhadocomercio.net.br\/wp-content\/uploads\/2021\/01\/ALUCAS-1024x682.jpeg 1024w, https:\/\/www.folhadocomercio.net.br\/wp-content\/uploads\/2021\/01\/ALUCAS.jpeg 1280w, https:\/\/www.folhadocomercio.net.br\/wp-content\/uploads\/2021\/01\/ALUCAS-320x213.jpeg 320w\" sizes=\"(max-width: 640px) 100vw, 640px\" \/>A foto mostra o dr. Marcos Vin\u00edcius e Sadi Lucca<\/p>\n<p>Dr. Marcos Vinicius Bizarro (PSDB) tomou posse como o prefeito de Coronel Fabriciano, pela 2\u00aa vez, em cerim\u00f4nia realizada pela C\u00e2mara, no Hotel Metropolitano, com restri\u00e7\u00e3o de p\u00fablico e seguindo os protocolos de preven\u00e7\u00e3o \u00e0 Covid-19. Gestor da cidade entre 2017-2020, assumiu o cargo ao lado do seu vice, o empres\u00e1rio Sadi Lucca (PL). Anirton Valeriano, o Miltinho do Sacol\u00e3o (PSDB), foi eleito por unanimidade presidente da C\u00e2mara de Vereadores para o bi\u00eanio 2021-2022; tamb\u00e9m foram empossados os outros 16 vereadores eleitos em 2020.<\/p>\n<p>Em entrevista \u00e0 imprensa, minutos antes do juramento e assinatura do livro de posse, Dr. Marcos Vinicius destacou que o desenvolvimento econ\u00f4mico, com sustentabilidade financeira, ser\u00e1 o foco do novo mandato.<\/p>\n<p>\u201cA nossa gest\u00e3o se mostrou resiliente, superou todas as crises poss\u00edveis e se saiu bem. Jamais vamos deixar de priorizar os menos favorecidos; mas agora \u00e9 um novo foco, uma nova gest\u00e3o e fortalecer a economia da cidade \u00e9 alternativa para gerar emprego, renda, tornar a cidade atrativa para novos investidores e, o mais importante, d\u00e1 mais oportunidades e qualidade de vida para a popula\u00e7\u00e3o\u201d, resumiu.<\/p>\n<p>Dr. Marcos Vinicius tamb\u00e9m antecipou que far\u00e1 cortes no n\u00famero de secretarias, visando tornar a m\u00e1quina p\u00fablica ainda mais enxuta, sem perder a efici\u00eancia. \u201cEm 2017, quando assumimos o primeiro mandato, existiam 17 secretarias e n\u00f3s reduzimos para 11; agora a inten\u00e7\u00e3o \u00e9 diminuir para 9 pastas. Ser\u00e1 extinta a Secretaria de Esporte e a de Desenvolvimento Econ\u00f4mico ser\u00e1 fundida ao Planejamento\u201d, explica. Ainda conforme o prefeito, o Projeto de Lei com o novo organograma e adequa\u00e7\u00f5es \u00e0 Lei Org\u00e2nica ser\u00e1 enviado ainda na primeira quinzena de janeiro para a C\u00e2mara.<\/p>\n<p>J\u00e1 o vice-prefeito Sadi Lucca, antecipou que uma das prioridades \u00e9 colocar em pr\u00e1tica a Agenda Estrat\u00e9gica \u2013 Fabriciano 2030, estudo in\u00e9dito realizado pelo Sebrae que apontou as diretrizes para o crescimento da cidade nos pr\u00f3ximos 10 anos.<\/p>\n<p>\u201cFabriciano \u00e9 uma das primeiras cidades do pa\u00eds a concluir este estudo constru\u00eddo a v\u00e1rias m\u00e3os, numa parceria do poder p\u00fablico, inciativa privada e outros. Vamos coloc\u00e1-lo em pr\u00e1tica e, ir al\u00e9m, com a implanta\u00e7\u00e3o do Distrito Industrial e obras de infraestrutura\u201d, afirma.<\/p>\n<p>Em seu discurso, Lucca reafirmou a admira\u00e7\u00e3o ao trabalho do prefeito Dr. Marcos. \u201cAceitei o convite por ver o empenho e o tanto que foi feito pelo Dr. Marcos e sua equipe. E hoje, trago para a vida p\u00fablica, os valores e a minha experi\u00eancia e viv\u00eancia como empres\u00e1rio, que luta para manter o seu neg\u00f3cio e gerar empregos, e a vontade de fazer prestar um trabalho de excel\u00eancia para a nossa cidade\u201d, conclui.<\/p>\n<p>A cerim\u00f4nia de posse foi transmitida nas redes sociais da C\u00e2mara Municipal de Coronel Fabriciano. Na solenidade presencial, participaram lideran\u00e7as regionais, dentre eles o Comandante do 58\u00ba batalh\u00e3o de Pol\u00edcia Militar de Coronel Fabriciano, Tenente-Coronel Luiz Magalh\u00e3es; a deputada Federal Al\u00ea Silva; deputado Estadual, Celinho do Sinttrocel; ex-prefeitos de Fabriciano e Tim\u00f3teo, lideran\u00e7as religiosas e familiares dos eleitos.<\/p>\n<p><b>GOVERNO BEM AVALIADO E CONTAS SANEADAS<\/b><\/p>\n<p>Reeleito com 46.060 votos, Dr. Marcos Vinicius chega ao segundo mandato com um dos governos mais bem avaliados do Estado, a maior vit\u00f3ria de um candidato em elei\u00e7\u00f5es na cidade e dos um mais bem votados em Minas Gerais em 2020 \u2013 com 84,75% dos votos v\u00e1lidos. A chapa encabe\u00e7ada por Dr. Marcos teve o apoio de reuniu 11 partidos, e fez 15 das 17 cadeiras da C\u00e2mara Municipal.<\/p>\n<p>Nos \u00faltimos quatro anos, a sua gest\u00e3o elevou o or\u00e7amento execut\u00e1vel de R$ 167 milh\u00f5es para R$ 283 milh\u00f5es \u2013 ou seja, quase dobrou o volume de recursos aplicados em obras, melhorias e servi\u00e7os realizados na cidade. \u201cDobramos a arrecada\u00e7\u00e3o, sem aumentar um imposto sequer. Hoje, come\u00e7amos um novo mandato, mas desta vez com contas saneadas, saldo financeiro em caixa, sem d\u00edvidas e com os servi\u00e7os em pleno funcionamento, sobretudo, a sa\u00fade\u201d, disse.<\/p>\n<p>Em seu discurso de posse, ele voltou a agradecer \u00e0 confian\u00e7a dos fabricianenses e reafirmou \u201cque adotar\u00e1 a mesma linha de trabalho, numa gest\u00e3o com transpar\u00eancia, austera e que respeita o dinheiro do contribuinte\u201d. \u201cAgrade\u00e7o a popula\u00e7\u00e3o, por mais uma vez confiar e entender que o trabalho iniciado em 2017 n\u00e3o pode parar. As dificuldades sempre existir\u00e3o, mas vamos continuar firmes em fazer a melhor gest\u00e3o poss\u00edvel e na certeza de que Fabriciano encontrou o seu caminho e est\u00e1 sendo respeitado como a \u2018terra m\u00e3e\u2019 do Vale do A\u00e7o\u201d, conclui.<\/p>\n<\/div>","protected":false},"excerpt":{"rendered":"<p>A foto mostra o dr. Marcos Vin\u00edcius e Sadi Lucca Dr. Marcos Vinicius Bizarro (PSDB) tomou posse como o prefeito de Coronel Fabriciano, pela 2\u00aa vez, em cerim\u00f4nia realizada pela C\u00e2mara, no Hotel Metropolitano, com restri\u00e7\u00e3o de p\u00fablico e seguindo os protocolos de preven\u00e7\u00e3o \u00e0 Covid-19. Gestor da cidade entre 2017-2020, assumiu o cargo ao [&hellip;]<\/p>\n","protected":false},"author":1,"featured_media":0,"comment_status":"closed","ping_status":"closed","sticky":false,"template":"","format":"standard","meta":[],"categories":[184],"tags":[],"_links":{"self":[{"href":"https:\/\/www.folhadocomercio.net.br\/index.php?rest_route=\/wp\/v2\/posts\/11496"}],"collection":[{"href":"https:\/\/www.folhadocomercio.net.br\/index.php?rest_route=\/wp\/v2\/posts"}],"about":[{"href":"https:\/\/www.folhadocomercio.net.br\/index.php?rest_route=\/wp\/v2\/types\/post"}],"author":[{"embeddable":true,"href":"https:\/\/www.folhadocomercio.net.br\/index.php?rest_route=\/wp\/v2\/users\/1"}],"replies":[{"embeddable":true,"href":"https:\/\/www.folhadocomercio.net.br\/index.php?rest_route=%2Fwp%2Fv2%2Fcomments&post=11496"}],"version-history":[{"count":5,"href":"https:\/\/www.folhadocomercio.net.br\/index.php?rest_route=\/wp\/v2\/posts\/11496\/revisions"}],"predecessor-version":[{"id":11502,"href":"https:\/\/www.folhadocomercio.net.br\/index.php?rest_route=\/wp\/v2\/posts\/11496\/revisions\/11502"}],"wp:attachment":[{"href":"https:\/\/www.folhadocomercio.net.br\/index.php?rest_route=%2Fwp%2Fv2%2Fmedia&parent=11496"}],"wp:term":[{"taxonomy":"category","embeddable":true,"href":"https:\/\/www.folhadocomercio.net.br\/index.php?rest_route=%2Fwp%2Fv2%2Fcategories&post=11496"},{"taxonomy":"post_tag","embeddable":true,"href":"https:\/\/www.folhadocomercio.net.br\/index.php?rest_route=%2Fwp%2Fv2%2Ftags&post=11496"}],"curies":[{"name":"wp","href":"https:\/\/api.w.org\/{rel}","templated":true}]}}