{"id":11503,"date":"2021-01-02T12:51:24","date_gmt":"2021-01-02T15:51:24","guid":{"rendered":"http:\/\/www.folhadocomercio.com.br\/folha-do-comercio\/?p=11503"},"modified":"2021-01-02T13:05:14","modified_gmt":"2021-01-02T16:05:14","slug":"11503","status":"publish","type":"post","link":"https:\/\/www.folhadocomercio.net.br\/?p=11503","title":{"rendered":"Novo prefeito de Ipatinga nomeia seus secret\u00e1rios"},"content":{"rendered":"<div class=\"bt_bb_wrapper\"><h1 class=\"post-tile entry-title\"><\/h1>\n<div class=\"mom-post-meta single-post-meta\">\n<div class=\"post-tools\"><img class=\"disappear mom_appear\" src=\"https:\/\/www.cartadenoticias.com.br\/wp-content\/uploads\/2020\/11\/Gustavo-Nunes.jpg\" alt=\"Novo prefeito de Ipatinga nomeia seus secret\u00e1rios\" \/><\/div>\n<\/div>\n<div class=\"feature-img wp-caption\">\n<p class=\"wp-caption-text\">Prefeito Gustavo Nunes toma posse e nomeia parte do secretariado (Foto: arquivo)<\/p>\n<\/div>\n<div class=\"entry-content\">\n<p class=\"has-drop-cap\">Ap\u00f3s tomar posse, na tarde de sexta-feira (1\u00ba), o prefeito de Ipatinga, Gustavo Nunes (PSL), nomeou parte do secretariado. O evento de nomea\u00e7\u00e3o ocorreu no gabinete do prefeito. Algumas secretarias ainda n\u00e3o tiveram os nomes dos secret\u00e1rios definidos, mas o objetivo \u00e9 que no in\u00edcio da pr\u00f3xima semana sejam divulgados.<\/p>\n<p>Gustavo Nunes e seu vice-prefeito, Alexsandro do Esp\u00edrito Santo de Oliveira (Allex Im\u00f3veis), concorreram pela primeira vez ao executivo. Eles foram eleitos com 45 mil 980 votos, o que corresponde a 40,90% dos votos v\u00e1lidos.<\/p>\n<p><strong>SECRET\u00c1RIOS NOMEADOS<\/strong><\/p>\n<p>Em portarias publicadas na noite de hoje, no Di\u00e1rio Oficial do Munic\u00edpio de Ipatinga, foram nomeados os seguintes secret\u00e1rios e secret\u00e1rios adjuntos:<\/p>\n<p>Roberto Silva Soares \u2013 Secret\u00e1rio de Governo<\/p>\n<p>Mateus Alves Shinzato \u2013 Secret\u00e1rio de Fazenda<\/p>\n<p>Juliano Nogueira Morais \u2013 Secret\u00e1rio de Sa\u00fade<\/p>\n<p>Glennia Geane de Souza Louback \u2013 Secret\u00e1ria Adjunta de Sa\u00fade<\/p>\n<p>Alexsandro Esp\u00edrito Santo Oliveira \u2013 Secret\u00e1rio de Desenvolvimento Econ\u00f4mico e Turismo<\/p>\n<p>Alessandro M\u00e1ximo Lima \u2013 Secret\u00e1rio de Cultura, Esporte e Lazer<\/p>\n<p>Lucas Brum \u2013 Secret\u00e1rio de Dados<\/p>\n<p>L\u00e9o Werneck \u2013 Secret\u00e1rio de Comunica\u00e7\u00e3o<\/p>\n<p>Jane Aguiar Figueiredo \u2013 Secret\u00e1ria Adjunta de Comunica\u00e7\u00e3o<\/p>\n<p>Matheus Lima Braga \u2013 Secret\u00e1rio de Administra\u00e7\u00e3o<\/p>\n<p>Sidnei Bispo \u2013 Secret\u00e1rio de Planejamento<\/p>\n<p>Daniel Andrade Resende \u2013 Procurador Geral<\/p>\n<p>Breno In\u00e1cio da Silva \u2013 Procurador Adjunto<\/p>\n<p>Decio Camargos de Aguiar Junior \u2013 Secret\u00e1rio de Seguran\u00e7a P\u00fablica e Conviv\u00eancia Cidad\u00e3<\/p>\n<p>Maria J\u00falia Bomfim Pereira \u2013 Secret\u00e1ria Adjunta Seguran\u00e7a P\u00fablica e Conviv\u00eancia Cidad\u00e3<\/p>\n<p>Jany Mara Bartolomeu F\u00e9lix do Nascimento \u2013 Secret\u00e1ria de Assist\u00eancia Social<\/p>\n<p>Mauro Antonio Nunes \u2013 Gabinete da Secretaria \u2013 Secret\u00e1rio Adjunto de Assist\u00eancia Social<\/p>\n<p>Celio Roberto de Andrade \u2013 Secret\u00e1rio de Servi\u00e7os Urbanos e Meio Ambiente<\/p>\n<p><strong>POSSE<\/strong><\/p>\n<p>A cerim\u00f4nia de posse do prefeito Gustavo Nunes (PSL), seu vice, Allex Im\u00f3veis, e os 18 vereadores foi realizada no Plen\u00e1rio da C\u00e2mara Municipal de Ipatinga, no final da tarde de sexta-feira. O evento foi transmitido ao vivo pelos canais de comunica\u00e7\u00e3o da C\u00e2mara e teve a presen\u00e7a restrita do p\u00fablico, sendo dois convidados por eleito.<\/p>\n<p>No discurso de posse, Gustavo destacou o compromisso firmado e cumprido durante seu mandato de vereador e fez quest\u00e3o de reafirmar ao povo de Ipatinga: \u201cSempre manterei minha postura \u00e9tica, honesta, transparente e respons\u00e1vel, primando pelo desenvolvimento da nossa cidade e qualidade de vida dos cidad\u00e3os. Parabenizo os vereados e a nova mesa diretora da C\u00e2mara, e pe\u00e7o que trilhemos juntos esse caminho, sempre buscando o bem comum do povo ipatinguense\u201d, afirmou o prefeito.<\/p>\n<p>\u201cMeus sinceros agradecimentos a minha fam\u00edlia, equipe de gabinete, equipe de campanha, e ao povo que confiou a mim e ao Allex as chaves de Ipatinga. Estamos empossados e prontos para o trabalho\u201d, finalizou. <strong>Com CARTA DE NOT\u00cdCIAS<\/strong><\/p>\n<\/div>\n<\/div>","protected":false},"excerpt":{"rendered":"<p>Prefeito Gustavo Nunes toma posse e nomeia parte do secretariado (Foto: arquivo) Ap\u00f3s tomar posse, na tarde de sexta-feira (1\u00ba), o prefeito de Ipatinga, Gustavo Nunes (PSL), nomeou parte do secretariado. O evento de nomea\u00e7\u00e3o ocorreu no gabinete do prefeito. Algumas secretarias ainda n\u00e3o tiveram os nomes dos secret\u00e1rios definidos, mas o objetivo \u00e9 que [&hellip;]<\/p>\n","protected":false},"author":1,"featured_media":0,"comment_status":"closed","ping_status":"closed","sticky":false,"template":"","format":"standard","meta":[],"categories":[181,1],"tags":[],"_links":{"self":[{"href":"https:\/\/www.folhadocomercio.net.br\/index.php?rest_route=\/wp\/v2\/posts\/11503"}],"collection":[{"href":"https:\/\/www.folhadocomercio.net.br\/index.php?rest_route=\/wp\/v2\/posts"}],"about":[{"href":"https:\/\/www.folhadocomercio.net.br\/index.php?rest_route=\/wp\/v2\/types\/post"}],"author":[{"embeddable":true,"href":"https:\/\/www.folhadocomercio.net.br\/index.php?rest_route=\/wp\/v2\/users\/1"}],"replies":[{"embeddable":true,"href":"https:\/\/www.folhadocomercio.net.br\/index.php?rest_route=%2Fwp%2Fv2%2Fcomments&post=11503"}],"version-history":[{"count":5,"href":"https:\/\/www.folhadocomercio.net.br\/index.php?rest_route=\/wp\/v2\/posts\/11503\/revisions"}],"predecessor-version":[{"id":11510,"href":"https:\/\/www.folhadocomercio.net.br\/index.php?rest_route=\/wp\/v2\/posts\/11503\/revisions\/11510"}],"wp:attachment":[{"href":"https:\/\/www.folhadocomercio.net.br\/index.php?rest_route=%2Fwp%2Fv2%2Fmedia&parent=11503"}],"wp:term":[{"taxonomy":"category","embeddable":true,"href":"https:\/\/www.folhadocomercio.net.br\/index.php?rest_route=%2Fwp%2Fv2%2Fcategories&post=11503"},{"taxonomy":"post_tag","embeddable":true,"href":"https:\/\/www.folhadocomercio.net.br\/index.php?rest_route=%2Fwp%2Fv2%2Ftags&post=11503"}],"curies":[{"name":"wp","href":"https:\/\/api.w.org\/{rel}","templated":true}]}}