{"id":11545,"date":"2021-01-19T10:39:34","date_gmt":"2021-01-19T13:39:34","guid":{"rendered":"http:\/\/www.folhadocomercio.com.br\/folha-do-comercio\/?p=11545"},"modified":"2021-01-19T10:41:16","modified_gmt":"2021-01-19T13:41:16","slug":"programacao-religiosa-marca-72-anos-de-coronel-fabriciano","status":"publish","type":"post","link":"https:\/\/www.folhadocomercio.net.br\/?p=11545","title":{"rendered":"Programa\u00e7\u00e3o religiosa marca 72 anos de Coronel Fabriciano"},"content":{"rendered":"<div class=\"bt_bb_wrapper\"><p align=\"center\"><strong><img loading=\"lazy\" class=\"size-medium wp-image-11547 alignright\" src=\"http:\/\/www.folhadocomercio.com.br\/folha-do-comercio\/wp-content\/uploads\/2021\/01\/CARREATA-640x360.jpg\" alt=\"\" width=\"640\" height=\"360\" srcset=\"https:\/\/www.folhadocomercio.net.br\/wp-content\/uploads\/2021\/01\/CARREATA-640x360.jpg 640w, https:\/\/www.folhadocomercio.net.br\/wp-content\/uploads\/2021\/01\/CARREATA-1024x575.jpg 1024w, https:\/\/www.folhadocomercio.net.br\/wp-content\/uploads\/2021\/01\/CARREATA-1280x719.jpg 1280w, https:\/\/www.folhadocomercio.net.br\/wp-content\/uploads\/2021\/01\/CARREATA-320x180.jpg 320w\" sizes=\"(max-width: 640px) 100vw, 640px\" \/>Devido \u00e0 pamdemia, somente haver\u00e1 carreta com a imagem do santo, para evitar aglomera\u00e7\u00e3o<\/strong><\/p>\n<p align=\"center\"><b>Programa\u00e7\u00e3o religiosa marca 72 anos de Coronel Fabriciano; Em virtude da pandemia, Prefeitura n\u00e3o far\u00e1 atividades festivas<\/b><\/p>\n<p>Coronel Fabriciano, conhecida como \u201cTerra m\u00e3e do Vale do A\u00e7o\u201d, completa 72 anos de emancipa\u00e7\u00e3o pol\u00edtico-administrativa nesta quarta-feira, 20 de janeiro. Este ano, em virtude da pandemia de Covid-19 e em respeito \u00e0 vida, n\u00e3o haver\u00e1 programa\u00e7\u00e3o festiva. Mas a data ser\u00e1 lembrada \u2013 com adapta\u00e7\u00f5es \u2013 pelas atividades religiosas em homenagem a S\u00e3o Sebasti\u00e3o, defensor da igreja cat\u00f3lica, sa\u00fade e padroeiro da cidade.<\/p>\n<p>A programa\u00e7\u00e3o ser\u00e1 aberta com missa \u00e0s 7h e 9h, realizada na Co-Catedral de S\u00e3o Sebasti\u00e3o, no bairro Santa Helena. A Par\u00f3quia faz um apelo para que pessoas que integram o grupo de risco para Covid-19 (idosos, pacientes com comorbidade) priorizem a participa\u00e7\u00e3o em um desses hor\u00e1rios.<\/p>\n<p>Na parte da tarde, ser\u00e1 realizada carreata com a imagem de S\u00e3o Sebasti\u00e3o. A concentra\u00e7\u00e3o ser\u00e1 \u00e0s 18h, em frente \u00e0 Igreja Nossa Senhora Imaculada Concei\u00e7\u00e3o, no bairro Mangueiras. A chegada da imagem na Co-Catedral est\u00e1 prevista para 19h30, quando acontecer\u00e1 a Missa Solene. A celebra\u00e7\u00e3o ser\u00e1 presidida pelo Bispo da Diocese de Itabira\/Fabriciano, Dom Marco Aur\u00e9lio Gubiotti. A missa ser\u00e1 transmitida pela R\u00e1dio Educadora (AM e FM) e live na p\u00e1gina do facebook da emissora.<\/p>\n<p>O padre Evaldo C\u00e9sar, respons\u00e1vel pela Pastoral de Comunica\u00e7\u00e3o da Paroquia, explica que a programa\u00e7\u00e3o deste ano foi adaptada e as atividades pulverizadas para garantir a participa\u00e7\u00e3o do p\u00fablico, sem aglomera\u00e7\u00f5es e com todos os cuidados necess\u00e1rios. \u201cEste ano ser\u00e3o tr\u00eas missas; e ao inv\u00e9s da profiss\u00e3o, faremos uma carreata com a imagem. Inclusive, na carreata, passaremos em frente a todos os locais de atendimento de sa\u00fade (hospitais, asilo, unidades de sa\u00fade) da regi\u00e3o central, numa forma simb\u00f3lica de pedir pela sa\u00fade de todos, j\u00e1 que S\u00e3o Sebasti\u00e3o tamb\u00e9m \u00e9 santo o protetor contra as pestes e doen\u00e7as\u201d, explica.<\/p>\n<p>A Par\u00f3quia de S\u00e3o Sebasti\u00e3o refor\u00e7a que todas as missas e atividades seguir\u00e3o os protocolos municipal e diocesano de preven\u00e7\u00e3o a Covid-19, com limita\u00e7\u00e3o de p\u00fablico e obrigat\u00f3rio o uso de m\u00e1scaras. Na igreja, a ocupa\u00e7\u00e3o est\u00e1 limitada a uma pessoa a cada 4 m\u00b2, com aferi\u00e7\u00e3o de temperatura e higieniza\u00e7\u00e3o das m\u00e3os com \u00e1lcool em gel dos participantes na entrada da igreja.<\/p>\n<p><b>PADROEIRO DA CIDADE E PROTETOR CONTRA DOEN\u00c7AS<\/b><\/p>\n<p>S\u00e3o Sebasti\u00e3o nasceu na Fran\u00e7a em 256 DC, e mais tarde mudou-se para Mil\u00e3o na It\u00e1lia onde cresceu, estudou e optou por seguir a carreira militar como seu pai. Recebeu o t\u00edtulo de Soldado do ex\u00e9rcito, mas atuou principalmente em defesa da igreja, ajudando crist\u00e3os presos e tratando dos doentes. Sebasti\u00e3o foi condenado \u00e0 morte sofrida, por causa da sua f\u00e9, em 288. Diz \u00e0 hist\u00f3ria que Sebasti\u00e3o foi sepultado no jardim da casa de Lucina, \u2013 na Via \u00c1pia \u2013 onde hoje se encontra a\u00a0Bas\u00edlica de S\u00e3o Sebasti\u00e3o, e nas catacumbas tamb\u00e9m foi constru\u00eddo um templo em sua homenagem.<\/p>\n<p>&nbsp;<\/p>\n<p>Em Fabriciano, o santo foi sugerido como padroeiro da cidade por Rotildino Avelino \u2013 comerciante, pol\u00edtico e pioneiro \u2013 que doou a imagem \u00e0 primeira igreja cat\u00f3lica do povoado do Calado, constru\u00edda em 1929. A proposi\u00e7\u00e3o foi acatada pelos moradores e padres da administra\u00e7\u00e3o eclesial, j\u00e1 que S\u00e3o Sebasti\u00e3o tamb\u00e9m \u00e9 o protetor contra pestes e doen\u00e7as. Na \u00e9poca, a regi\u00e3o que come\u00e7ava a se desenvolver, enfrentou um surto de mal\u00e1ria e febre amarela com v\u00e1rios \u00f3bitos. Inclusive, a igreja cat\u00f3lica (Par\u00f3quia de S\u00e3o Sebasti\u00e3o) intermediou diretamente na constru\u00e7\u00e3o do Hospital Sider\u00fargica, na d\u00e9cada de 1930.<\/p>\n<p>&nbsp;<\/p>\n<p><b>FERIADO MUNICIPAL<\/b><\/p>\n<p>O dia 20 de janeiro \u00e9 feriado municipal amparado por Lei Municipal 2.306\/1991. Em virtude da data, n\u00e3o haver\u00e1 expediente nas reparti\u00e7\u00f5es p\u00fablicas da Prefeitura na quarta-feira. Nesse dia, v\u00e3o funcionar os servi\u00e7os essenciais com a vigil\u00e2ncia patrimonial; UPA 24 Horas, Hospital Dr. Jos\u00e9 Maria Morais; cemit\u00e9rio; e servi\u00e7os de coleta de lixo, executado pela empresa Vina. Na quinta e sexta-feira, 21 e 22, o expediente \u00e9 normal.<\/p>\n<\/div>","protected":false},"excerpt":{"rendered":"<p>Devido \u00e0 pamdemia, somente haver\u00e1 carreta com a imagem do santo, para evitar aglomera\u00e7\u00e3o Programa\u00e7\u00e3o religiosa marca 72 anos de Coronel Fabriciano; Em virtude da pandemia, Prefeitura n\u00e3o far\u00e1 atividades festivas Coronel Fabriciano, conhecida como \u201cTerra m\u00e3e do Vale do A\u00e7o\u201d, completa 72 anos de emancipa\u00e7\u00e3o pol\u00edtico-administrativa nesta quarta-feira, 20 de janeiro. Este ano, em [&hellip;]<\/p>\n","protected":false},"author":1,"featured_media":0,"comment_status":"closed","ping_status":"closed","sticky":false,"template":"","format":"standard","meta":[],"categories":[184,2],"tags":[],"_links":{"self":[{"href":"https:\/\/www.folhadocomercio.net.br\/index.php?rest_route=\/wp\/v2\/posts\/11545"}],"collection":[{"href":"https:\/\/www.folhadocomercio.net.br\/index.php?rest_route=\/wp\/v2\/posts"}],"about":[{"href":"https:\/\/www.folhadocomercio.net.br\/index.php?rest_route=\/wp\/v2\/types\/post"}],"author":[{"embeddable":true,"href":"https:\/\/www.folhadocomercio.net.br\/index.php?rest_route=\/wp\/v2\/users\/1"}],"replies":[{"embeddable":true,"href":"https:\/\/www.folhadocomercio.net.br\/index.php?rest_route=%2Fwp%2Fv2%2Fcomments&post=11545"}],"version-history":[{"count":2,"href":"https:\/\/www.folhadocomercio.net.br\/index.php?rest_route=\/wp\/v2\/posts\/11545\/revisions"}],"predecessor-version":[{"id":11548,"href":"https:\/\/www.folhadocomercio.net.br\/index.php?rest_route=\/wp\/v2\/posts\/11545\/revisions\/11548"}],"wp:attachment":[{"href":"https:\/\/www.folhadocomercio.net.br\/index.php?rest_route=%2Fwp%2Fv2%2Fmedia&parent=11545"}],"wp:term":[{"taxonomy":"category","embeddable":true,"href":"https:\/\/www.folhadocomercio.net.br\/index.php?rest_route=%2Fwp%2Fv2%2Fcategories&post=11545"},{"taxonomy":"post_tag","embeddable":true,"href":"https:\/\/www.folhadocomercio.net.br\/index.php?rest_route=%2Fwp%2Fv2%2Ftags&post=11545"}],"curies":[{"name":"wp","href":"https:\/\/api.w.org\/{rel}","templated":true}]}}