{"id":13754,"date":"2021-11-12T06:51:26","date_gmt":"2021-11-12T09:51:26","guid":{"rendered":"http:\/\/www.folhadocomercio.com.br\/folha-do-comercio\/?p=13754"},"modified":"2021-11-12T06:54:58","modified_gmt":"2021-11-12T09:54:58","slug":"cenibra-capacita-empregados-em-curso-de-direcao-preventiva","status":"publish","type":"post","link":"https:\/\/www.folhadocomercio.net.br\/?p=13754","title":{"rendered":"Cenibra capacita empregados em curso de dire\u00e7\u00e3o preventiva"},"content":{"rendered":"<div class=\"bt_bb_wrapper\"><p><strong><img loading=\"lazy\" class=\"size-medium wp-image-13756 alignright\" src=\"http:\/\/www.folhadocomercio.com.br\/folha-do-comercio\/wp-content\/uploads\/2021\/11\/CARRO-CENI-640x427.jpg\" alt=\"\" width=\"640\" height=\"427\" srcset=\"https:\/\/www.folhadocomercio.net.br\/wp-content\/uploads\/2021\/11\/CARRO-CENI-640x427.jpg 640w, https:\/\/www.folhadocomercio.net.br\/wp-content\/uploads\/2021\/11\/CARRO-CENI-1024x683.jpg 1024w, https:\/\/www.folhadocomercio.net.br\/wp-content\/uploads\/2021\/11\/CARRO-CENI-1280x853.jpg 1280w, https:\/\/www.folhadocomercio.net.br\/wp-content\/uploads\/2021\/11\/CARRO-CENI-320x213.jpg 320w\" sizes=\"(max-width: 640px) 100vw, 640px\" \/>Legenda da foto:\u00a0<\/strong>Curso de dire\u00e7\u00e3o preventiva para empregados da Cenibra aumenta seguran\u00e7a em estradas rurais<\/p>\n<p style=\"font-weight: 400;\">Muito se fala sobre a dire\u00e7\u00e3o defensiva, mas para que o condutor chegue ao seu destino sem enfrentar riscos ou imprevistos, existe outro conceito essencial para manter a seguran\u00e7a no tr\u00e2nsito: a dire\u00e7\u00e3o preventiva. O termo refere-se a um conjunto de a\u00e7\u00f5es que o motorista pode praticar para melhorar o tr\u00e2nsito como um todo. Conhecimento, aten\u00e7\u00e3o, previs\u00e3o e comportamento adequado s\u00e3o t\u00e3o importantes quanto a habilidade e a a\u00e7\u00e3o.<\/p>\n<p style=\"font-weight: 400;\">Para refor\u00e7ar a compreens\u00e3o sobre a dire\u00e7\u00e3o preventiva, a Cenibra promoveu uma s\u00e9rie de atividades que orientaram e sensibilizaram os observadores florestais a adotarem condutas respons\u00e1veis no tr\u00e2nsito, de modo que percebam o risco e protejam a vida.<\/p>\n<p style=\"font-weight: 400;\">O curso, que formou 56 profissionais, contou com carga hor\u00e1ria de sete horas e foi elaborado para informar e chamar a aten\u00e7\u00e3o sobre a seguran\u00e7a no tr\u00e2nsito por meio de conceitos t\u00e9cnicos e mudan\u00e7a de comportamento. Foram apresentadas situa\u00e7\u00f5es do cotidiano para que os participantes percebessem, na pr\u00e1tica, a import\u00e2ncia da mudan\u00e7a de comportamento para um tr\u00e2nsito mais seguro.<\/p>\n<p style=\"font-weight: 400;\">A palestra principal teve como tema \u201cAcidentes ou situa\u00e7\u00f5es evit\u00e1veis?\u201d. O tema \u00e9 relevante porque os dados comprovam que 95% dos chamados \u201cacidentes\u201d, na verdade, n\u00e3o s\u00e3o acidentes, mas sim situa\u00e7\u00f5es evit\u00e1veis.<\/p>\n<p style=\"font-weight: 400;\">Sendo o tr\u00e2nsito um espa\u00e7o de conviv\u00eancia social, o comportamento humano faz toda a diferen\u00e7a para evitar essas situa\u00e7\u00f5es de conflitos.<\/p>\n<p style=\"font-weight: 400;\">Os observadores florestais tamb\u00e9m aprenderam sobre a import\u00e2ncia da manuten\u00e7\u00e3o preventiva, os perigos e riscos das vias n\u00e3o pavimentadas e como colocar em pr\u00e1tica a dire\u00e7\u00e3o preventiva nesse tipo de via.<\/p>\n<p style=\"font-weight: 400;\">As aulas tiveram a participa\u00e7\u00e3o de profissional especialista em Dire\u00e7\u00e3o Preventiva, Engenharia de Seguran\u00e7a do Trabalho e Psicologia da Sa\u00fade Ocupacional. Para todos os empregados que utilizam ve\u00edculo da Empresa, foi realizada uma live sobre o tema.<\/p>\n<p style=\"font-weight: 400;\"><strong>Boas pr\u00e1ticas<\/strong><\/p>\n<p style=\"font-weight: 400;\">Atitudes no tr\u00e2nsito que foram recomendadas nos treinamentos: manter uma dist\u00e2ncia segura; evitar freadas bruscas; tomar cuidado ao transitar em vias n\u00e3o pavimentadas; ser gentil no tr\u00e2nsito e praticar a cordialidade; n\u00e3o dirigir quando estiver com sono ou cansado; ter autocontrole.<\/p>\n<p style=\"font-weight: 400;\">\n<\/div>","protected":false},"excerpt":{"rendered":"<p>Legenda da foto:\u00a0Curso de dire\u00e7\u00e3o preventiva para empregados da Cenibra aumenta seguran\u00e7a em estradas rurais Muito se fala sobre a dire\u00e7\u00e3o defensiva, mas para que o condutor chegue ao seu destino sem enfrentar riscos ou imprevistos, existe outro conceito essencial para manter a seguran\u00e7a no tr\u00e2nsito: a dire\u00e7\u00e3o preventiva. O termo refere-se a um conjunto [&hellip;]<\/p>\n","protected":false},"author":1,"featured_media":0,"comment_status":"closed","ping_status":"closed","sticky":false,"template":"","format":"standard","meta":[],"categories":[195],"tags":[],"_links":{"self":[{"href":"https:\/\/www.folhadocomercio.net.br\/index.php?rest_route=\/wp\/v2\/posts\/13754"}],"collection":[{"href":"https:\/\/www.folhadocomercio.net.br\/index.php?rest_route=\/wp\/v2\/posts"}],"about":[{"href":"https:\/\/www.folhadocomercio.net.br\/index.php?rest_route=\/wp\/v2\/types\/post"}],"author":[{"embeddable":true,"href":"https:\/\/www.folhadocomercio.net.br\/index.php?rest_route=\/wp\/v2\/users\/1"}],"replies":[{"embeddable":true,"href":"https:\/\/www.folhadocomercio.net.br\/index.php?rest_route=%2Fwp%2Fv2%2Fcomments&post=13754"}],"version-history":[{"count":2,"href":"https:\/\/www.folhadocomercio.net.br\/index.php?rest_route=\/wp\/v2\/posts\/13754\/revisions"}],"predecessor-version":[{"id":13757,"href":"https:\/\/www.folhadocomercio.net.br\/index.php?rest_route=\/wp\/v2\/posts\/13754\/revisions\/13757"}],"wp:attachment":[{"href":"https:\/\/www.folhadocomercio.net.br\/index.php?rest_route=%2Fwp%2Fv2%2Fmedia&parent=13754"}],"wp:term":[{"taxonomy":"category","embeddable":true,"href":"https:\/\/www.folhadocomercio.net.br\/index.php?rest_route=%2Fwp%2Fv2%2Fcategories&post=13754"},{"taxonomy":"post_tag","embeddable":true,"href":"https:\/\/www.folhadocomercio.net.br\/index.php?rest_route=%2Fwp%2Fv2%2Ftags&post=13754"}],"curies":[{"name":"wp","href":"https:\/\/api.w.org\/{rel}","templated":true}]}}