{"id":13758,"date":"2021-11-12T07:08:35","date_gmt":"2021-11-12T10:08:35","guid":{"rendered":"http:\/\/www.folhadocomercio.com.br\/folha-do-comercio\/?p=13758"},"modified":"2021-11-12T07:14:05","modified_gmt":"2021-11-12T10:14:05","slug":"voluntarios-usiminas-vou-completa-um-ano-de-mobilizacao-e-transformacao","status":"publish","type":"post","link":"https:\/\/www.folhadocomercio.net.br\/?p=13758","title":{"rendered":"Volunt\u00e1rios Usiminas (VOU) completa um ano de mobiliza\u00e7\u00e3o e transforma\u00e7\u00e3o"},"content":{"rendered":"<div class=\"bt_bb_wrapper\"><p style=\"font-weight: 400;\"><img loading=\"lazy\" class=\"alignnone size-medium wp-image-13761\" src=\"http:\/\/www.folhadocomercio.com.br\/folha-do-comercio\/wp-content\/uploads\/2021\/11\/AV-USI2-640x427.jpg\" alt=\"\" width=\"640\" height=\"427\" srcset=\"https:\/\/www.folhadocomercio.net.br\/wp-content\/uploads\/2021\/11\/AV-USI2-640x427.jpg 640w, https:\/\/www.folhadocomercio.net.br\/wp-content\/uploads\/2021\/11\/AV-USI2-1024x684.jpg 1024w, https:\/\/www.folhadocomercio.net.br\/wp-content\/uploads\/2021\/11\/AV-USI2-1280x854.jpg 1280w, https:\/\/www.folhadocomercio.net.br\/wp-content\/uploads\/2021\/11\/AV-USI2-320x214.jpg 320w\" sizes=\"(max-width: 640px) 100vw, 640px\" \/> <img loading=\"lazy\" class=\"alignnone size-medium wp-image-13760\" src=\"http:\/\/www.folhadocomercio.com.br\/folha-do-comercio\/wp-content\/uploads\/2021\/11\/AV-USI-640x479.jpg\" alt=\"\" width=\"640\" height=\"479\" srcset=\"https:\/\/www.folhadocomercio.net.br\/wp-content\/uploads\/2021\/11\/AV-USI-640x480.jpg 640w, https:\/\/www.folhadocomercio.net.br\/wp-content\/uploads\/2021\/11\/AV-USI-1024x766.jpg 1024w, https:\/\/www.folhadocomercio.net.br\/wp-content\/uploads\/2021\/11\/AV-USI.jpg 1280w, https:\/\/www.folhadocomercio.net.br\/wp-content\/uploads\/2021\/11\/AV-USI-320x240.jpg 320w\" sizes=\"(max-width: 640px) 100vw, 640px\" \/>O VOU (Volunt\u00e1rios Usiminas) completou neste m\u00eas de novembro um ano de atividades conectando pessoas e contribuindo com as comunidades onde a Usiminas est\u00e1 presente. Desde a sua cria\u00e7\u00e3o, cerca de 750 colaboradores e colaboradoras de todas as empresas Usiminas, Funda\u00e7\u00e3o S\u00e3o Francisco Xavier, Previd\u00eancia Usiminas e Instituto Usiminas est\u00e3o reunidos na plataforma do VOU dispostos a fazer a diferen\u00e7a na vida das pessoas.<\/p>\n<p style=\"font-weight: 400;\">O voluntariado j\u00e1 faz parte da hist\u00f3ria e do esp\u00edrito da equipe Usiminas h\u00e1 muitos anos. Com a cria\u00e7\u00e3o do VOU, a companhia busca potencializar as a\u00e7\u00f5es de transforma\u00e7\u00e3o, facilitando a conex\u00e3o entre os volunt\u00e1rios e projetos por meio de uma plataforma digital e redirecionando algumas iniciativas, para potencializar os resultados do voluntariado.<\/p>\n<p style=\"font-weight: 400;\">Nesses 365 dias, 42 a\u00e7\u00f5es foram realizadas em nove cidades, localizadas nos estados de Minas Gerais, S\u00e3o Paulo, Esp\u00edrito Santo, Rio Grande do Sul e Pernambuco. No total de atendimentos, foram mais de 1.200 horas dedicadas ao voluntariado, sendo 2.100 pessoas assistidas, de 39 organiza\u00e7\u00f5es e projetos sociais. Al\u00e9m, da mobiliza\u00e7\u00e3o dos volunt\u00e1rios para 264 bolsas de sangue doadas, 590 mudas plantadas e seis mil itens doados.<\/p>\n<hr \/>\n<h2 style=\"font-weight: 400;\"><strong>Usiminas \u00e9 destaque em duas categorias do Pr\u00eamio Aberje 2021<\/strong><\/h2>\n<p style=\"font-weight: 400;\">A Usiminas foi vencedora da etapa regional Minas e Centro Oeste das categorias \u201cSustentabilidade Organizacional\u201d e \u201cEvento\u201d da edi\u00e7\u00e3o 2021 do Pr\u00eamio Aberje promovido pela Associa\u00e7\u00e3o Brasileira de Comunica\u00e7\u00e3o Empresarial.<\/p>\n<p style=\"font-weight: 400;\">Na categoria \u201cSustentabilidade Organizacional\u201d, a empresa foi premiada com o projeto \u201cIsso \u00e9 Coisa da Usiminas\u201d, que mostra iniciativas desenvolvidas pela empresa por meio de v\u00eddeos institucionais voltados para a comunidade. J\u00e1 na categoria \u201cEvento\u201d, a companhia venceu com a a\u00e7\u00e3o \u201c10, 20, 30, 40 anos\u201d, desenvolvida para comemorar e marcar o tempo de presen\u00e7a dos colaboradores na empresa.<\/p>\n<p style=\"font-weight: 400;\">A pr\u00f3xima etapa do Pr\u00eamio consiste na apresenta\u00e7\u00e3o dos projetos vencedores da etapa regional para a banca de avalia\u00e7\u00e3o nacional entre os dias 8 e 12 de novembro.<\/p>\n<p style=\"font-weight: 400;\">\u201cVencer nestas categorias da etapa regional mostra o intenso esfor\u00e7o da equipe Usiminas para entregar uma comunica\u00e7\u00e3o que gere valor para os nossos colaboradores e para as comunidades nas quais estamos inseridos. Estamos muito contentes com estas conquistas,\u201d comemora, Ana Gabriela Dias Cardoso, diretora de Comunica\u00e7\u00e3o e Rela\u00e7\u00f5es Institucionais da Usiminas.<\/p>\n<\/div>","protected":false},"excerpt":{"rendered":"<p>O VOU (Volunt\u00e1rios Usiminas) completou neste m\u00eas de novembro um ano de atividades conectando pessoas e contribuindo com as comunidades onde a Usiminas est\u00e1 presente. Desde a sua cria\u00e7\u00e3o, cerca de 750 colaboradores e colaboradoras de todas as empresas Usiminas, Funda\u00e7\u00e3o S\u00e3o Francisco Xavier, Previd\u00eancia Usiminas e Instituto Usiminas est\u00e3o reunidos na plataforma do VOU [&hellip;]<\/p>\n","protected":false},"author":1,"featured_media":0,"comment_status":"closed","ping_status":"closed","sticky":false,"template":"","format":"standard","meta":[],"categories":[194],"tags":[],"_links":{"self":[{"href":"https:\/\/www.folhadocomercio.net.br\/index.php?rest_route=\/wp\/v2\/posts\/13758"}],"collection":[{"href":"https:\/\/www.folhadocomercio.net.br\/index.php?rest_route=\/wp\/v2\/posts"}],"about":[{"href":"https:\/\/www.folhadocomercio.net.br\/index.php?rest_route=\/wp\/v2\/types\/post"}],"author":[{"embeddable":true,"href":"https:\/\/www.folhadocomercio.net.br\/index.php?rest_route=\/wp\/v2\/users\/1"}],"replies":[{"embeddable":true,"href":"https:\/\/www.folhadocomercio.net.br\/index.php?rest_route=%2Fwp%2Fv2%2Fcomments&post=13758"}],"version-history":[{"count":4,"href":"https:\/\/www.folhadocomercio.net.br\/index.php?rest_route=\/wp\/v2\/posts\/13758\/revisions"}],"predecessor-version":[{"id":13764,"href":"https:\/\/www.folhadocomercio.net.br\/index.php?rest_route=\/wp\/v2\/posts\/13758\/revisions\/13764"}],"wp:attachment":[{"href":"https:\/\/www.folhadocomercio.net.br\/index.php?rest_route=%2Fwp%2Fv2%2Fmedia&parent=13758"}],"wp:term":[{"taxonomy":"category","embeddable":true,"href":"https:\/\/www.folhadocomercio.net.br\/index.php?rest_route=%2Fwp%2Fv2%2Fcategories&post=13758"},{"taxonomy":"post_tag","embeddable":true,"href":"https:\/\/www.folhadocomercio.net.br\/index.php?rest_route=%2Fwp%2Fv2%2Ftags&post=13758"}],"curies":[{"name":"wp","href":"https:\/\/api.w.org\/{rel}","templated":true}]}}