{"id":7971,"date":"2019-03-08T13:34:25","date_gmt":"2019-03-08T16:34:25","guid":{"rendered":"http:\/\/www.folhadocomercio.com.br\/folha-do-comercio\/?p=7971"},"modified":"2019-03-08T13:34:40","modified_gmt":"2019-03-08T16:34:40","slug":"justica-condena-acusado-de-ser-operador-do-psdb-a-145-anos-de-prisao","status":"publish","type":"post","link":"https:\/\/www.folhadocomercio.net.br\/?p=7971","title":{"rendered":"Justi\u00e7a condena acusado de ser operador do PSDB a 145 anos de pris\u00e3o"},"content":{"rendered":"<div class=\"bt_bb_wrapper\"><div class=\"post-header post-tp-1-header\">\n<h1 class=\"single-post-title\"><a class=\"post-author-a post-author-avatar\" style=\"font-size: 16px;\" title=\"Artigos de autor\" href=\"https:\/\/congressoemfoco.uol.com.br\/author\/agenciabrasil\/\"><span class=\"post-author-name\">Por\u00a0<b>Ag\u00eancia Brasil<\/b><\/span><\/a><span style=\"font-size: 16px;\">\u00a0<\/span><\/h1>\n<div class=\"single-featured\">\n<figure><a class=\"post-thumbnail open-lightbox\" title=\"De acordo com ju\u00edza, Paulo Vieira de Souza comandou um esquema de desvio de mais de R$ 7 milh\u00f5es que deveriam ter sido usados na indeniza\u00e7\u00e3o de moradores prejudicados por obras no entorno do Rodoanel | Cr\u00e9dito: ABr\" href=\"https:\/\/static.congressoemfoco.uol.com.br\/2018\/05\/PauloPreto_Ag%C3%AAnciaBrasil.jpg\"><img class=\"b-loaded\" src=\"https:\/\/static.congressoemfoco.uol.com.br\/2018\/05\/PauloPreto_Ag%C3%AAnciaBrasil.jpg\" alt=\"\" \/><\/a><figcaption class=\"wp-caption-text\">De acordo com ju\u00edza, Paulo Vieira de Souza comandou um esquema de desvio de mais de R$ 7 milh\u00f5es que deveriam ter sido usados na indeniza\u00e7\u00e3o de moradores prejudicados por obras no entorno do Rodoanel<\/p>\n<div class=\"fotografo\"><\/div>\n<\/figcaption><\/figure>\n<\/div>\n<\/div>\n<div class=\"entry-content clearfix single-post-content on\">\n<p>A Justi\u00e7a Federal em S\u00e3o Paulo condenou nessa quarta-feira (6) o ex-diretor da Dersa (Desenvolvimento Rodovi\u00e1rio S\/A)<a href=\"http:\/\/congressoemfoco.uol.com.br\/tag\/paulo-vieira-de-souza\/\"><strong>\u00a0Paulo Vieira de Souza<\/strong><\/a>, a 145 anos e oito meses de reclus\u00e3o, em regime inicial fechado, pelos crimes de peculato &#8211; desvio de dinheiro p\u00fablico &#8211; inser\u00e7\u00e3o de dados falsos em sistema da administra\u00e7\u00e3o p\u00fablica, e associa\u00e7\u00e3o criminosa.<\/p>\n<p>A decis\u00e3o, da ju\u00edza Maria Isabel do Prado, titular da 5\u00aa Vara Federal Criminal de S\u00e3o Paulo, considera que Paulo Vieira de Souza comandou um esquema de desvio de mais de R$ 7 milh\u00f5es que deveriam\u00a0ter\u00a0sido usados na indeniza\u00e7\u00e3o de moradores prejudicados pelas obras do entorno do trecho sul do Rodoanel de S\u00e3o Paulo e a amplia\u00e7\u00e3o das avenidas Jacu P\u00eassego e Marginal do Tiet\u00ea. Paulo dever\u00e1 pagar ainda 4.320 dias-multa de cinco sal\u00e1rios-m\u00ednimos (cerca de R$ 13,4 milh\u00f5es).<\/p>\n<div class=\"ubgw ubgw-clearfix ubgw-post-inline ubgw-float-center ubgw-align-center ubgw-column-1\">\n<div id=\"ubgw-345365-575822398\" class=\"ubgw-container ubgw-type-custom_code \" data-adid=\"345365\" data-type=\"custom_code\">\n<div id=\"banner-300x250-2\">A Justi\u00e7a Federal tamb\u00e9m decretou a perda dos bens de Paulo e\u00a0indeniza\u00e7\u00e3o de R$\u00a07.725.012,18\u00a0aos cofres p\u00fablicos, solidariamente junto a outros condenados.<\/div>\n<\/div>\n<\/div>\n<div class=\"bs-irp left bs-irp-text-2\"><\/div>\n<p>Esta \u00e9 a\u00a0segunda\u00a0senten\u00e7a da Justi\u00e7a Federal em a\u00e7\u00f5es penais da<a href=\"http:\/\/congressoemfoco.uol.com.br\/tag\/operacao-lava-jato\/\"><strong>\u00a0Lava Jato<\/strong>\u00a0<\/a>em S\u00e3o Paulo. Na \u00faltima\u00a0quinta-feira (28), o ex-diretor da Dersa foi condenado a pena de 27 anos e oito dias de pris\u00e3o por\u00a0ter\u00a0ter\u00a0fraudado licita\u00e7\u00f5es e participado de forma\u00e7\u00e3o de cartel em obras do trecho sul do Rodoanel e do Sistema Vi\u00e1rio Metropolitano de S\u00e3o Paulo entre 2004 e 2015.<\/p>\n<p>Paulo Vieira de Souza est\u00e1 preso desde fevereiro, quando foi deflagrada\u00a0a 60\u00aa fase da Opera\u00e7\u00e3o Lava Jato. De acordo com o MPF, a opera\u00e7\u00e3o investiga um complexo esquema de lavagem de dinheiro de corrup\u00e7\u00e3o praticada com a Odebrecht. Ele \u00e9 apontado como operador de esquemas envolvendo o PSDB em S\u00e3o Paulo. Pelos c\u00e1lculos da procuradoria, as transa\u00e7\u00f5es investigadas superam R$ 130 milh\u00f5es.<\/p>\n<p>A defesa de Paulo Vieira disse que n\u00e3o ir\u00e1 se manifestar sobre a decis\u00e3o.<\/p>\n<\/div>\n<\/div>","protected":false},"excerpt":{"rendered":"<p>Por\u00a0Ag\u00eancia Brasil\u00a0 De acordo com ju\u00edza, Paulo Vieira de Souza comandou um esquema de desvio de mais de R$ 7 milh\u00f5es que deveriam ter sido usados na indeniza\u00e7\u00e3o de moradores prejudicados por obras no entorno do Rodoanel A Justi\u00e7a Federal em S\u00e3o Paulo condenou nessa quarta-feira (6) o ex-diretor da Dersa (Desenvolvimento Rodovi\u00e1rio S\/A)\u00a0Paulo Vieira [&hellip;]<\/p>\n","protected":false},"author":1,"featured_media":0,"comment_status":"closed","ping_status":"closed","sticky":false,"template":"","format":"standard","meta":[],"categories":[207,262],"tags":[],"_links":{"self":[{"href":"https:\/\/www.folhadocomercio.net.br\/index.php?rest_route=\/wp\/v2\/posts\/7971"}],"collection":[{"href":"https:\/\/www.folhadocomercio.net.br\/index.php?rest_route=\/wp\/v2\/posts"}],"about":[{"href":"https:\/\/www.folhadocomercio.net.br\/index.php?rest_route=\/wp\/v2\/types\/post"}],"author":[{"embeddable":true,"href":"https:\/\/www.folhadocomercio.net.br\/index.php?rest_route=\/wp\/v2\/users\/1"}],"replies":[{"embeddable":true,"href":"https:\/\/www.folhadocomercio.net.br\/index.php?rest_route=%2Fwp%2Fv2%2Fcomments&post=7971"}],"version-history":[{"count":1,"href":"https:\/\/www.folhadocomercio.net.br\/index.php?rest_route=\/wp\/v2\/posts\/7971\/revisions"}],"predecessor-version":[{"id":7972,"href":"https:\/\/www.folhadocomercio.net.br\/index.php?rest_route=\/wp\/v2\/posts\/7971\/revisions\/7972"}],"wp:attachment":[{"href":"https:\/\/www.folhadocomercio.net.br\/index.php?rest_route=%2Fwp%2Fv2%2Fmedia&parent=7971"}],"wp:term":[{"taxonomy":"category","embeddable":true,"href":"https:\/\/www.folhadocomercio.net.br\/index.php?rest_route=%2Fwp%2Fv2%2Fcategories&post=7971"},{"taxonomy":"post_tag","embeddable":true,"href":"https:\/\/www.folhadocomercio.net.br\/index.php?rest_route=%2Fwp%2Fv2%2Ftags&post=7971"}],"curies":[{"name":"wp","href":"https:\/\/api.w.org\/{rel}","templated":true}]}}