{"id":8456,"date":"2019-04-19T08:42:15","date_gmt":"2019-04-19T11:42:15","guid":{"rendered":"http:\/\/www.folhadocomercio.com.br\/folha-do-comercio\/?p=8456"},"modified":"2019-04-19T08:42:26","modified_gmt":"2019-04-19T11:42:26","slug":"alexandre-de-moraes-recua-de-decisao-e-revoga-censura-a-sites","status":"publish","type":"post","link":"https:\/\/www.folhadocomercio.net.br\/?p=8456","title":{"rendered":"Alexandre de Moraes recua de decis\u00e3o e revoga censura a sites"},"content":{"rendered":"<div class=\"bt_bb_wrapper\"><div class=\"post-header post-tp-1-header\">\n<h1 class=\"single-post-title\"><a class=\"post-author-a post-author-avatar\" style=\"font-size: 16px;\" title=\"Artigos de autor\" href=\"https:\/\/congressoemfoco.uol.com.br\/author\/debora-alvares\/\"><span class=\"post-author-name\">Por\u00a0<b>D\u00e9bora \u00c1lvares<\/b><\/span><\/a><span style=\"font-size: 16px;\">\u00a0<\/span><\/h1>\n<div class=\"post-meta-wrap clearfix\">\n<div class=\"term-badges \"><\/div>\n<\/div>\n<div class=\"single-featured\">\n<p><a class=\"post-thumbnail open-lightbox\" title=\"Cr\u00e9dito: Ag\u00eancia Brasil\" href=\"https:\/\/static.congressoemfoco.uol.com.br\/2017\/08\/Alexandre-de-Moraes_EBC.jpg\"><img class=\"b-loaded\" src=\"https:\/\/static.congressoemfoco.uol.com.br\/2017\/08\/Alexandre-de-Moraes_EBC.jpg\" alt=\"\" \/><\/a><\/p>\n<div class=\"fotografo\">Ag\u00eancia Brasil<\/div>\n<\/div>\n<\/div>\n<div class=\"entry-content clearfix single-post-content on\">\n<p>O ministro do Supremo Tribunal Federal (STF) Alexandre de Moraes, na tarde desta quinta-feira (18), revogou a decis\u00e3o que ele mesmo havia tomado no in\u00edcio da semana de retirar do ar reportagens da revista\u00a0<em>Cruso\u00e9<\/em>\u00a0e do site\u00a0<em>Antagonista<\/em>\u00a0revelando apelido com o qual o presidente do Supremo Tribunal Federal (STF) Dias Toffoli era tratado pelo empreiteiro Marcelo Odebrecht no \u00e2mbito da Lava Jato.<\/p>\n<p>&#8220;Diante do exposto, revogo a decis\u00e3o anterior que determinou ao\u00a0site O Antagonista e a revista Cruso\u00e9 a retirada da mat\u00e9ria intitulada \u201cO\u00a0amigo do amigo de meu pai\u201d dos respectivos ambientes virtuais&#8221;, destaca o ministro na decis\u00e3o.<\/p>\n<div class=\"ubgw ubgw-clearfix ubgw-post-inline ubgw-float-center ubgw-align-center ubgw-column-1\">\n<div id=\"ubgw-345365-423793833\" class=\"ubgw-container ubgw-type-custom_code \" data-adid=\"345365\" data-type=\"custom_code\">\n<div id=\"banner-300x250-2\">Moraes \u00e9 relator do inqu\u00e9rito aberto por Toffoli para apurar fake news, ofensas e amea\u00e7as contra o Supremo. A ordem para retirar do ar as reportagens foi dada ap\u00f3s um pedido de provid\u00eancias do presidente da Corte na segunda (15).\u00a0Comprovou-se que o documento sigiloso citado na mat\u00e9ria\u00a0realmente existe&#8221;, tamb\u00e9m escreveu Alexandre de Moraes no documento desta quinta.<\/div>\n<\/div>\n<\/div>\n<\/div>\n<\/div>","protected":false},"excerpt":{"rendered":"<p>Por\u00a0D\u00e9bora \u00c1lvares\u00a0 Ag\u00eancia Brasil O ministro do Supremo Tribunal Federal (STF) Alexandre de Moraes, na tarde desta quinta-feira (18), revogou a decis\u00e3o que ele mesmo havia tomado no in\u00edcio da semana de retirar do ar reportagens da revista\u00a0Cruso\u00e9\u00a0e do site\u00a0Antagonista\u00a0revelando apelido com o qual o presidente do Supremo Tribunal Federal (STF) Dias Toffoli era tratado [&hellip;]<\/p>\n","protected":false},"author":1,"featured_media":0,"comment_status":"closed","ping_status":"closed","sticky":false,"template":"","format":"standard","meta":[],"categories":[207,315],"tags":[],"_links":{"self":[{"href":"https:\/\/www.folhadocomercio.net.br\/index.php?rest_route=\/wp\/v2\/posts\/8456"}],"collection":[{"href":"https:\/\/www.folhadocomercio.net.br\/index.php?rest_route=\/wp\/v2\/posts"}],"about":[{"href":"https:\/\/www.folhadocomercio.net.br\/index.php?rest_route=\/wp\/v2\/types\/post"}],"author":[{"embeddable":true,"href":"https:\/\/www.folhadocomercio.net.br\/index.php?rest_route=\/wp\/v2\/users\/1"}],"replies":[{"embeddable":true,"href":"https:\/\/www.folhadocomercio.net.br\/index.php?rest_route=%2Fwp%2Fv2%2Fcomments&post=8456"}],"version-history":[{"count":2,"href":"https:\/\/www.folhadocomercio.net.br\/index.php?rest_route=\/wp\/v2\/posts\/8456\/revisions"}],"predecessor-version":[{"id":8458,"href":"https:\/\/www.folhadocomercio.net.br\/index.php?rest_route=\/wp\/v2\/posts\/8456\/revisions\/8458"}],"wp:attachment":[{"href":"https:\/\/www.folhadocomercio.net.br\/index.php?rest_route=%2Fwp%2Fv2%2Fmedia&parent=8456"}],"wp:term":[{"taxonomy":"category","embeddable":true,"href":"https:\/\/www.folhadocomercio.net.br\/index.php?rest_route=%2Fwp%2Fv2%2Fcategories&post=8456"},{"taxonomy":"post_tag","embeddable":true,"href":"https:\/\/www.folhadocomercio.net.br\/index.php?rest_route=%2Fwp%2Fv2%2Ftags&post=8456"}],"curies":[{"name":"wp","href":"https:\/\/api.w.org\/{rel}","templated":true}]}}