{"id":9694,"date":"2019-10-22T18:47:27","date_gmt":"2019-10-22T21:47:27","guid":{"rendered":"http:\/\/www.folhadocomercio.com.br\/folha-do-comercio\/?p=9694"},"modified":"2019-10-22T18:53:19","modified_gmt":"2019-10-22T21:53:19","slug":"glaucio-jr-assume-acicel-cdl","status":"publish","type":"post","link":"https:\/\/www.folhadocomercio.net.br\/?p=9694","title":{"rendered":"Gl\u00e1ucio Jr assume ACICEL-CDL"},"content":{"rendered":"<div class=\"bt_bb_wrapper\"><p><img loading=\"lazy\" class=\"size-full wp-image-9696 alignright\" src=\"http:\/\/www.folhadocomercio.com.br\/folha-do-comercio\/wp-content\/uploads\/2019\/10\/GLAUCIO-jr-2.jpg\" alt=\"\" width=\"281\" height=\"479\" \/><strong>\u00a0FOTO &#8211;\u00a0SATLER passa a comandar as duas entidades at\u00e9 a conclus\u00e3o do processo eleitoral <\/strong><\/p>\n<p>O presidente do Conselho Superior da ACICEL-CDL, Gl\u00e1ucio Sathler J\u00fanior, gestor das \u00d3ticas Maria Jos\u00e9, assumiu, domingo,20, a condu\u00e7\u00e3o das entidades at\u00e9 o final do processo eleitoral.As entidades, perderam no d\u00e1bado,19, v\u00edtima de acidente, quando pedalava pela Avenida Manaim, em Ipatinga, a sua presidente, Maria Ang\u00e9lica Rodrigues Nunes<br \/>\nEla havia assumido a presid\u00eancia da entidade em maio deste ano, ap\u00f3s ren\u00fancia do presidente Ism\u00e1 Canedo de quem era vice-presidente. Por ser o ano eleitoral, Maria Ang\u00e9lica assumiu a presid\u00eancia da entidade sem nomea\u00e7\u00e3o de outro vice.<br \/>\nConforme o que prev\u00ea os estatutos das entidades, o presidente do Conselho Superior que \u00e9 formado pelos ex-presidentes das entidades, conduzir\u00e1 o processo eleitoral, cujas elei\u00e7\u00f5es est\u00e3o previstas para o dia 28 de novembro deste ano, assumindp o comando das duas entidade at\u00e9 as elei\u00e7\u00f5es, onde ser\u00e1 definida nova diretoria para o bi\u00eanio 2020-2021.<br \/>\nGl\u00e1ucio Sathler J\u00fanior conduziu a presid\u00eancia da C\u00e2mara de Dirigentes Lojistas de Coronel Fabriciano na gest\u00e3o de 1992-1993 e desde ent\u00e3o, passou a fazer parte do Conselho Superior, \u00f3rg\u00e3o consultivo e deliberativo das entidades que elege seu presidente e nova diretoria a cada bi\u00eanio..<br \/>\n\u201cEstamos abalados com a trag\u00e9dia que nos acometeu. Maria Ang\u00e9lica assumiu a entidade prontamente em maio e conduziu os trabalhos de forma exemplar. N\u00e3o desmerecendo o trabalho feito pelos ex-presidentes, mas ela transformou a entidade em pouco tempo, com uma gest\u00e3o transparente e com uma postura firme e suave a todo o momento. Seremos eternamente gratos ao que ela nos proporcionou e<br \/>\nconduzirei as a\u00e7\u00f5es da entidade at\u00e9 o final do processo eleitoral dando o melhor de mim contando com o apoio dos ex-presidentes, diretores e conselheiros\u201d declarou Gl\u00e1ucio Sathler J\u00fanior.<\/p>\n<\/div>","protected":false},"excerpt":{"rendered":"<p>\u00a0FOTO &#8211;\u00a0SATLER passa a comandar as duas entidades at\u00e9 a conclus\u00e3o do processo eleitoral O presidente do Conselho Superior da ACICEL-CDL, Gl\u00e1ucio Sathler J\u00fanior, gestor das \u00d3ticas Maria Jos\u00e9, assumiu, domingo,20, a condu\u00e7\u00e3o das entidades at\u00e9 o final do processo eleitoral.As entidades, perderam no d\u00e1bado,19, v\u00edtima de acidente, quando pedalava pela Avenida Manaim, em Ipatinga, [&hellip;]<\/p>\n","protected":false},"author":1,"featured_media":0,"comment_status":"closed","ping_status":"closed","sticky":false,"template":"","format":"standard","meta":[],"categories":[369],"tags":[],"_links":{"self":[{"href":"https:\/\/www.folhadocomercio.net.br\/index.php?rest_route=\/wp\/v2\/posts\/9694"}],"collection":[{"href":"https:\/\/www.folhadocomercio.net.br\/index.php?rest_route=\/wp\/v2\/posts"}],"about":[{"href":"https:\/\/www.folhadocomercio.net.br\/index.php?rest_route=\/wp\/v2\/types\/post"}],"author":[{"embeddable":true,"href":"https:\/\/www.folhadocomercio.net.br\/index.php?rest_route=\/wp\/v2\/users\/1"}],"replies":[{"embeddable":true,"href":"https:\/\/www.folhadocomercio.net.br\/index.php?rest_route=%2Fwp%2Fv2%2Fcomments&post=9694"}],"version-history":[{"count":3,"href":"https:\/\/www.folhadocomercio.net.br\/index.php?rest_route=\/wp\/v2\/posts\/9694\/revisions"}],"predecessor-version":[{"id":9698,"href":"https:\/\/www.folhadocomercio.net.br\/index.php?rest_route=\/wp\/v2\/posts\/9694\/revisions\/9698"}],"wp:attachment":[{"href":"https:\/\/www.folhadocomercio.net.br\/index.php?rest_route=%2Fwp%2Fv2%2Fmedia&parent=9694"}],"wp:term":[{"taxonomy":"category","embeddable":true,"href":"https:\/\/www.folhadocomercio.net.br\/index.php?rest_route=%2Fwp%2Fv2%2Fcategories&post=9694"},{"taxonomy":"post_tag","embeddable":true,"href":"https:\/\/www.folhadocomercio.net.br\/index.php?rest_route=%2Fwp%2Fv2%2Ftags&post=9694"}],"curies":[{"name":"wp","href":"https:\/\/api.w.org\/{rel}","templated":true}]}}