{"id":9699,"date":"2019-10-24T08:21:32","date_gmt":"2019-10-24T11:21:32","guid":{"rendered":"http:\/\/www.folhadocomercio.com.br\/folha-do-comercio\/?p=9699"},"modified":"2019-10-24T09:49:07","modified_gmt":"2019-10-24T12:49:07","slug":"9699","status":"publish","type":"post","link":"https:\/\/www.folhadocomercio.net.br\/?p=9699","title":{"rendered":"AAPI quer retomada da parceria com o Hospital M\u00e1rcio Cunha"},"content":{"rendered":"<div class=\"bt_bb_wrapper\"><header>\n<div class=\"subhead\"><span class=\"postedintop\"><i class=\"icon-folder-open\"><\/i>\u00a0<\/span>Interna\u00e7\u00e3o para associados tamb\u00e9m foi pauta da apresenta\u00e7\u00e3o de novos diretores da FSFX<\/div>\n<\/header>\n<div class=\"entry-content\">\n<p><a href=\"http:\/\/aapi.org.br\/wp-content\/uploads\/2019\/10\/foto-para-site.jpg\" data-rel=\"lightbox\"><img loading=\"lazy\" class=\"wp-image-11044 size-full\" src=\"http:\/\/aapi.org.br\/wp-content\/uploads\/2019\/10\/foto-para-site.jpg\" sizes=\"(max-width: 1024px) 100vw, 1024px\" srcset=\"http:\/\/aapi.org.br\/wp-content\/uploads\/2019\/10\/foto-para-site.jpg 1024w, http:\/\/aapi.org.br\/wp-content\/uploads\/2019\/10\/foto-para-site-300x170.jpg 300w, http:\/\/aapi.org.br\/wp-content\/uploads\/2019\/10\/foto-para-site-768x436.jpg 768w\" alt=\"foto-para-site\" width=\"1024\" height=\"581\" \/><\/a><\/p>\n<p><em>Romolo Gon\u00e7alves de Paula (diretor financeiro FSFX), C\u00e9sar Bueno (presidente do Conselho Curador), Elias Caetano (presidente da AAPI), Salom\u00e3o Maciel (diretor presidente FSFX), Ana Gabriela (diretora de Comunica\u00e7\u00e3o Coorporativa) e Salvador Prado (gerente geral coorporativo de CSC-Usiminas).<\/em><\/p>\n<p><strong>O<\/strong>\u00a0presidente da AAPI Elias Caetano Ferreira recebeu a nova diretoria da Funda\u00e7\u00e3o S\u00e3o Francisco Xavier na tarde de segunda-feira,21m,no audit\u00f3rio Paulo Mendes, sede administrativa da entidade. A agenda serviu para informar aos diretores da associa\u00e7\u00e3o sobre a s\u00e9rie de ajustes e melhorias feitas na Funda\u00e7\u00e3o S\u00e3o Francisco Xavier.<\/p>\n<p>A partir de agora, a institui\u00e7\u00e3o passa a contar com uma diretoria colegiada, membros independentes no Conselho Curador e uma nova \u00e1rea de\u00a0Compliance\u00a0ligada ao Conselho Curador. Salom\u00e3o Maciel Dias Ferreira foi designado diretor presidente da FSFX e C\u00e9sar Esp\u00edndola Bueno presidente do Conselho. O cargo de diretor financeiro foi ocupado por Romolo Gon\u00e7alves de Paula.<\/p>\n<p>Durante a apresenta\u00e7\u00e3o o presidente da AAPI Elias Caetano refor\u00e7ou a expectativa da continuidade dos projetos que est\u00e3o em negocia\u00e7\u00e3o, e acenou para a import\u00e2ncia de retornar a parceria que prev\u00ea a interna\u00e7\u00e3o dos associados da entidade no Hospital M\u00e1rcio Cunha. \u201cDiante de tudo que conversamos hoje, vamos reiniciar as conversas voltando ao ponto onde n\u00f3s est\u00e1vamos antes da reestrutura\u00e7\u00e3o na Funda\u00e7\u00e3o\u201d, informou Elias.<\/p>\n<p>Salom\u00e3o Maciel, que atuava como gestor da Unidade de Medicina do HMC, ressaltou que \u201ca proposta \u00e9 tentar com todas as for\u00e7as melhorar a qualidade de vida dos associados com a\u00e7\u00f5es efetivas\u201d e pediu uni\u00e3o e maior aproxima\u00e7\u00e3o entre as institui\u00e7\u00f5es. Em seu discurso ele relembrou do tempo em que trabalhou como um dos primeiros m\u00e9dicos da AAPI.<\/p>\n<p>Oportunidade<\/p>\n<p>C\u00e9sar Bueno, presidente do Conselho Curador da FSFX esclareceu que todos os projetos em execu\u00e7\u00e3o ou por executar, continuar\u00e3o na trajet\u00f3ria que foi definida previamente. Com rela\u00e7\u00e3o a AAPI, Bueno classificou o cen\u00e1rio como um mar de oportunidades. \u201c\u00c9 importante frisar que toda a transi\u00e7\u00e3o de gest\u00e3o \u00e9 um grande momento para revisitar ideias que ficaram no passado. A mensagem que n\u00f3s passamos agora \u00e9 a de que vamos construir juntos, usando a experi\u00eancia, o hist\u00f3rico, e sempre com foco no futuro, na constru\u00e7\u00e3o de pontes e de solu\u00e7\u00f5es. Esse \u00e9 o grande objetivo da nova administra\u00e7\u00e3o da Funda\u00e7\u00e3o, destacou.<\/p>\n<\/div>\n<\/div>","protected":false},"excerpt":{"rendered":"<p>\u00a0Interna\u00e7\u00e3o para associados tamb\u00e9m foi pauta da apresenta\u00e7\u00e3o de novos diretores da FSFX Romolo Gon\u00e7alves de Paula (diretor financeiro FSFX), C\u00e9sar Bueno (presidente do Conselho Curador), Elias Caetano (presidente da AAPI), Salom\u00e3o Maciel (diretor presidente FSFX), Ana Gabriela (diretora de Comunica\u00e7\u00e3o Coorporativa) e Salvador Prado (gerente geral coorporativo de CSC-Usiminas). O\u00a0presidente da AAPI Elias Caetano [&hellip;]<\/p>\n","protected":false},"author":1,"featured_media":0,"comment_status":"closed","ping_status":"closed","sticky":false,"template":"","format":"standard","meta":[],"categories":[370],"tags":[],"_links":{"self":[{"href":"https:\/\/www.folhadocomercio.net.br\/index.php?rest_route=\/wp\/v2\/posts\/9699"}],"collection":[{"href":"https:\/\/www.folhadocomercio.net.br\/index.php?rest_route=\/wp\/v2\/posts"}],"about":[{"href":"https:\/\/www.folhadocomercio.net.br\/index.php?rest_route=\/wp\/v2\/types\/post"}],"author":[{"embeddable":true,"href":"https:\/\/www.folhadocomercio.net.br\/index.php?rest_route=\/wp\/v2\/users\/1"}],"replies":[{"embeddable":true,"href":"https:\/\/www.folhadocomercio.net.br\/index.php?rest_route=%2Fwp%2Fv2%2Fcomments&post=9699"}],"version-history":[{"count":2,"href":"https:\/\/www.folhadocomercio.net.br\/index.php?rest_route=\/wp\/v2\/posts\/9699\/revisions"}],"predecessor-version":[{"id":9705,"href":"https:\/\/www.folhadocomercio.net.br\/index.php?rest_route=\/wp\/v2\/posts\/9699\/revisions\/9705"}],"wp:attachment":[{"href":"https:\/\/www.folhadocomercio.net.br\/index.php?rest_route=%2Fwp%2Fv2%2Fmedia&parent=9699"}],"wp:term":[{"taxonomy":"category","embeddable":true,"href":"https:\/\/www.folhadocomercio.net.br\/index.php?rest_route=%2Fwp%2Fv2%2Fcategories&post=9699"},{"taxonomy":"post_tag","embeddable":true,"href":"https:\/\/www.folhadocomercio.net.br\/index.php?rest_route=%2Fwp%2Fv2%2Ftags&post=9699"}],"curies":[{"name":"wp","href":"https:\/\/api.w.org\/{rel}","templated":true}]}}