{"id":9706,"date":"2019-10-24T18:32:01","date_gmt":"2019-10-24T21:32:01","guid":{"rendered":"http:\/\/www.folhadocomercio.com.br\/folha-do-comercio\/?p=9706"},"modified":"2019-10-24T18:32:13","modified_gmt":"2019-10-24T21:32:13","slug":"timoteo-decreta-ponto-facultativo-no-dia-do-servidor-pagamento-dos-servidores-sera-efetivado-nesta-sexta-feira","status":"publish","type":"post","link":"https:\/\/www.folhadocomercio.net.br\/?p=9706","title":{"rendered":"Tim\u00f3teo decreta ponto facultativo no dia do servidor Pagamento dos servidores ser\u00e1 efetivado nesta sexta-feira"},"content":{"rendered":"<div class=\"bt_bb_wrapper\"><p>A Prefeitura de Tim\u00f3teo decretou ponto facultativo no dia 28 de outubro (segunda), em\u00a0fun\u00e7\u00e3o do Dia do Servidor P\u00fablico. N\u00e3o haver\u00e1 expediente nas reparti\u00e7\u00f5es p\u00fablicas\u00a0municipais, \u00e0 exce\u00e7\u00e3o de servi\u00e7os essenciais. A data faz parte do Calend\u00e1rio de Pontos\u00a0Facultativos do ano de 2019.<br \/>\nO Centro de Sa\u00fade Jo\u00e3o Ot\u00e1vio funcionar\u00e1 normalmente atendendo urg\u00eancias e emerg\u00eancias\u00a0m\u00e9dicas em regime de plant\u00e3o 24h. O servi\u00e7o de limpeza p\u00fablica relativo \u00e0 coleta de lixo e\u00a0varri\u00e7\u00e3o ser\u00e1 realizado na segunda. As escolas municipais funcionar\u00e3o tamb\u00e9m no dia 28 de\u00a0outubro, conforme determinado no Calend\u00e1rio Letivo definido no in\u00edcio do ano.<br \/>\n<strong>Antecipa\u00e7\u00e3o sal\u00e1rios<\/strong><br \/>\nA Administra\u00e7\u00e3o Municipal anunciou que far\u00e1 o dep\u00f3sito dos vencimentos referentes ao m\u00eas\u00a0de outubro dos servidores municipais ativos nesta sexta-feira, 25, antecipando o pagamento\u00a0que \u00e9 efetivado no \u00faltimo dia \u00fatil do m\u00eas. A antecipa\u00e7\u00e3o dos vencimentos \u00e9 uma forma de\u00a0valorizar e homenagear o funcionalismo p\u00fablico municipal, que presta relevantes servi\u00e7os \u00e0\u00a0comunidade timotense.<br \/>\nEm rela\u00e7\u00e3o ao pagamento dos inativos e pensionistas o pagamento ser\u00e1 realizado no quinto\u00a0dia \u00fatil subsequente ao m\u00eas, conforme prev\u00ea a legisla\u00e7\u00e3o.<\/p>\n<\/div>","protected":false},"excerpt":{"rendered":"<p>A Prefeitura de Tim\u00f3teo decretou ponto facultativo no dia 28 de outubro (segunda), em\u00a0fun\u00e7\u00e3o do Dia do Servidor P\u00fablico. N\u00e3o haver\u00e1 expediente nas reparti\u00e7\u00f5es p\u00fablicas\u00a0municipais, \u00e0 exce\u00e7\u00e3o de servi\u00e7os essenciais. A data faz parte do Calend\u00e1rio de Pontos\u00a0Facultativos do ano de 2019. O Centro de Sa\u00fade Jo\u00e3o Ot\u00e1vio funcionar\u00e1 normalmente atendendo urg\u00eancias e emerg\u00eancias\u00a0m\u00e9dicas em [&hellip;]<\/p>\n","protected":false},"author":1,"featured_media":0,"comment_status":"closed","ping_status":"closed","sticky":false,"template":"","format":"standard","meta":[],"categories":[1],"tags":[],"_links":{"self":[{"href":"https:\/\/www.folhadocomercio.net.br\/index.php?rest_route=\/wp\/v2\/posts\/9706"}],"collection":[{"href":"https:\/\/www.folhadocomercio.net.br\/index.php?rest_route=\/wp\/v2\/posts"}],"about":[{"href":"https:\/\/www.folhadocomercio.net.br\/index.php?rest_route=\/wp\/v2\/types\/post"}],"author":[{"embeddable":true,"href":"https:\/\/www.folhadocomercio.net.br\/index.php?rest_route=\/wp\/v2\/users\/1"}],"replies":[{"embeddable":true,"href":"https:\/\/www.folhadocomercio.net.br\/index.php?rest_route=%2Fwp%2Fv2%2Fcomments&post=9706"}],"version-history":[{"count":1,"href":"https:\/\/www.folhadocomercio.net.br\/index.php?rest_route=\/wp\/v2\/posts\/9706\/revisions"}],"predecessor-version":[{"id":9707,"href":"https:\/\/www.folhadocomercio.net.br\/index.php?rest_route=\/wp\/v2\/posts\/9706\/revisions\/9707"}],"wp:attachment":[{"href":"https:\/\/www.folhadocomercio.net.br\/index.php?rest_route=%2Fwp%2Fv2%2Fmedia&parent=9706"}],"wp:term":[{"taxonomy":"category","embeddable":true,"href":"https:\/\/www.folhadocomercio.net.br\/index.php?rest_route=%2Fwp%2Fv2%2Fcategories&post=9706"},{"taxonomy":"post_tag","embeddable":true,"href":"https:\/\/www.folhadocomercio.net.br\/index.php?rest_route=%2Fwp%2Fv2%2Ftags&post=9706"}],"curies":[{"name":"wp","href":"https:\/\/api.w.org\/{rel}","templated":true}]}}