{"id":9708,"date":"2019-10-26T10:06:24","date_gmt":"2019-10-26T13:06:24","guid":{"rendered":"http:\/\/www.folhadocomercio.com.br\/folha-do-comercio\/?p=9708"},"modified":"2019-10-26T10:06:36","modified_gmt":"2019-10-26T13:06:36","slug":"educacao-financeira-e-tema-de-oficina-ministrada-no-cras","status":"publish","type":"post","link":"https:\/\/www.folhadocomercio.net.br\/?p=9708","title":{"rendered":"Educa\u00e7\u00e3o Financeira \u00e9 tema  de oficina ministrada no Cras"},"content":{"rendered":"<div class=\"bt_bb_wrapper\"><p><b>BOM JESUS DO GALHO<\/b>\u00a0\u2013 O Centro de Refer\u00eancia de Assist\u00eancia Social (Cras) recebeu na tarde de quinta-feira, 24,em uma oficina sobre Educa\u00e7\u00e3o Financeira, que teve como p\u00fablico-alvo os profissionais que atuam nos nos projetos desenvolvidos pela Secretaria de Assist\u00eancia Social.<\/p>\n<p>A capacita\u00e7\u00e3o, ministrada pelo educador financeiro, \u00a0Leandro Ver\u00e7oza, de Porto Alegre (RS), foi realizada pela Associa\u00e7\u00e3o de Educa\u00e7\u00e3o Financeira do Brasil (AEF-Brasil), em parceria com a Funda\u00e7\u00e3o Renova, Secretaria Municipal de Assist\u00eancia Social e apoio da Prefeitura de Bom Jesus.<\/p>\n<p>Temas relacionados \u00e0 psicologia comportamental, com foco em conceitos emocionais e nos impactos das decis\u00f5es como geradores de mudan\u00e7as nos h\u00e1bitos financeiros, nortearam a aula.<\/p>\n<p>A iniciativa teve como prop\u00f3sito orientar os alunos sobre a import\u00e2ncia do planejamento das finan\u00e7as pessoais. \u201cNosso objetivo \u00e9 ensinar a esse grupo no\u00e7\u00f5es b\u00e1sicas de economia e educa\u00e7\u00e3o financeira, conscientiz\u00e1-lo sobre a necessidade de se evitar tomadas de decis\u00f5es de consumo por impulso, o que acaba levando as pessoas ao endividamento, \u00e0 vulnerabilidade socioecon\u00f4mica\u201d.<\/p>\n<p>O educador enfatizou que todo o conhecimento transmitido durante a aula precisa ser compartilhado com os usu\u00e1rios dos programas da Assist\u00eancia Social, \u201cum p\u00fablico em situa\u00e7\u00e3o de vulnerabilidade, que necessita buscar sua autonomia financeira, um caminho que viabiliza a inclus\u00e3o social, o fortalecimento da cidadania\u201d.<\/p>\n<p><b>COMPARA\u00c7\u00c3O<\/b><\/p>\n<p>Leandro Ver\u00e7oza ilustrou essa sua fala destacando que h\u00e1 casos e casos de pessoas que detinham grandes fortunas e, de repente, perderam suas posses por falta de cuidado ao lidar com seu patrim\u00f4nio. \u201cSabemos tamb\u00e9m de casos que s\u00e3o o inverso, pessoas de baixo poder aquisitivo que avan\u00e7ar em suas economias, conquistar sua casa pr\u00f3pria, seu ve\u00edculo\u201d, sublinhou.<\/p>\n<p>O secret\u00e1rio de Assist\u00eancia Social, J\u00e9fferson Melo, avaliou como muito positivo o curso. \u201cAprender a lidar com as finan\u00e7as vai impactar positivamente em nossa vida, na vida da nossa comunidade. Com esse curso, aprendemos o quanto a sa\u00fade financeira vai refletir em nossa qualidade de vida\u201d.<\/p>\n<p>Joana Reis, coordenadora do programa Crian\u00e7a Feliz, observou que o curso veio motivar a ado\u00e7\u00e3o de uma nova mentalidade comportamental dos alunos, \u201co que vai ser replicado l\u00e1 fora para as fam\u00edlias benefici\u00e1rias dos nossos programas\u201d, disse.<\/p>\n<p>Joana observou ainda que o assunto foi exposto de forma \u201cmuito did\u00e1tica. Com uma linguagem simples, o Leandro nos proporcionou grandes ensinamentos, al\u00e9m do material impresso que recebemos, com informa\u00e7\u00f5es essenciais e que n\u00e3o podem escapar da nossa mem\u00f3ria\u201d, finalizou a coordenadora.<\/p>\n<\/div>","protected":false},"excerpt":{"rendered":"<p>BOM JESUS DO GALHO\u00a0\u2013 O Centro de Refer\u00eancia de Assist\u00eancia Social (Cras) recebeu na tarde de quinta-feira, 24,em uma oficina sobre Educa\u00e7\u00e3o Financeira, que teve como p\u00fablico-alvo os profissionais que atuam nos nos projetos desenvolvidos pela Secretaria de Assist\u00eancia Social. A capacita\u00e7\u00e3o, ministrada pelo educador financeiro, \u00a0Leandro Ver\u00e7oza, de Porto Alegre (RS), foi realizada pela [&hellip;]<\/p>\n","protected":false},"author":1,"featured_media":0,"comment_status":"closed","ping_status":"closed","sticky":false,"template":"","format":"standard","meta":[],"categories":[284],"tags":[],"_links":{"self":[{"href":"https:\/\/www.folhadocomercio.net.br\/index.php?rest_route=\/wp\/v2\/posts\/9708"}],"collection":[{"href":"https:\/\/www.folhadocomercio.net.br\/index.php?rest_route=\/wp\/v2\/posts"}],"about":[{"href":"https:\/\/www.folhadocomercio.net.br\/index.php?rest_route=\/wp\/v2\/types\/post"}],"author":[{"embeddable":true,"href":"https:\/\/www.folhadocomercio.net.br\/index.php?rest_route=\/wp\/v2\/users\/1"}],"replies":[{"embeddable":true,"href":"https:\/\/www.folhadocomercio.net.br\/index.php?rest_route=%2Fwp%2Fv2%2Fcomments&post=9708"}],"version-history":[{"count":1,"href":"https:\/\/www.folhadocomercio.net.br\/index.php?rest_route=\/wp\/v2\/posts\/9708\/revisions"}],"predecessor-version":[{"id":9709,"href":"https:\/\/www.folhadocomercio.net.br\/index.php?rest_route=\/wp\/v2\/posts\/9708\/revisions\/9709"}],"wp:attachment":[{"href":"https:\/\/www.folhadocomercio.net.br\/index.php?rest_route=%2Fwp%2Fv2%2Fmedia&parent=9708"}],"wp:term":[{"taxonomy":"category","embeddable":true,"href":"https:\/\/www.folhadocomercio.net.br\/index.php?rest_route=%2Fwp%2Fv2%2Fcategories&post=9708"},{"taxonomy":"post_tag","embeddable":true,"href":"https:\/\/www.folhadocomercio.net.br\/index.php?rest_route=%2Fwp%2Fv2%2Ftags&post=9708"}],"curies":[{"name":"wp","href":"https:\/\/api.w.org\/{rel}","templated":true}]}}