{"id":9712,"date":"2019-10-26T10:19:56","date_gmt":"2019-10-26T13:19:56","guid":{"rendered":"http:\/\/www.folhadocomercio.com.br\/folha-do-comercio\/?p=9712"},"modified":"2019-10-26T10:24:40","modified_gmt":"2019-10-26T13:24:40","slug":"9712","status":"publish","type":"post","link":"https:\/\/www.folhadocomercio.net.br\/?p=9712","title":{"rendered":"Passagem de \u00f4nibus de Fabriciano pode reduzir para R$3,80, afirma prefeito"},"content":{"rendered":"<div class=\"bt_bb_wrapper\"><p><b><img loading=\"lazy\" class=\"size-medium wp-image-9715 alignright\" src=\"http:\/\/www.folhadocomercio.com.br\/folha-do-comercio\/wp-content\/uploads\/2019\/10\/DR-VINICUS-640x360.jpg\" alt=\"\" width=\"640\" height=\"360\" srcset=\"https:\/\/www.folhadocomercio.net.br\/wp-content\/uploads\/2019\/10\/DR-VINICUS-640x360.jpg 640w, https:\/\/www.folhadocomercio.net.br\/wp-content\/uploads\/2019\/10\/DR-VINICUS-1024x575.jpg 1024w, https:\/\/www.folhadocomercio.net.br\/wp-content\/uploads\/2019\/10\/DR-VINICUS-1280x719.jpg 1280w, https:\/\/www.folhadocomercio.net.br\/wp-content\/uploads\/2019\/10\/DR-VINICUS-320x180.jpg 320w\" sizes=\"(max-width: 640px) 100vw, 640px\" \/>\u00a0<\/b>O prefeito de Coronel Fabriciano, Dr. Marcos Vinicius(FOTO), anunciou que a passagem de \u00f4nibus pode voltar a custar R$ 3,80, caso o cons\u00f3rcio Fabri F\u00e1cil insistir em descumprir o acordo feito com administra\u00e7\u00e3o municipal realizado em junho desse ano.<\/p>\n<p>O valor antigo pode entrar em vigor na\u00a0 sexta-feira, 15 de novembro. A decis\u00e3o em reduzir a tarifa em R$ 0,30 \u2013 dos atuais R$ 4,10 para R$ 3,80 \u2013 \u00e9 uma resposta ao descumprimento, por parte do Cons\u00f3rcio Fabri F\u00e1cil, das melhorias no servi\u00e7o e na frota de ve\u00edculos, condicionantes para o reajuste de 7,78% autorizado em junho.<\/p>\n<p>As empresas Acaiaca, Saritur e Univale, que integram o cons\u00f3rcio e fazem as linhas municipais, foram notificadas na tarde desta sexta-feira, 25. Este \u00e9 o segundo of\u00edcio enviado pelo chefe de Executivo cobrando o cumprimento integral do Decreto 6.876\/2019 e do Contrato 451\/2012, que renovou a concess\u00e3o do servi\u00e7o assinado pelo governo anterior.<\/p>\n<p>\u201cAs empresas estiveram aqui, em meu gabinete, e assinaram um acordo para implantar uma s\u00e9rie de melhorias no servi\u00e7o, inclusive, definindo prazos. O reajuste foi autorizado com essa condi\u00e7\u00e3o, mas passaram-se quatro meses e quem precisa do transporte continua esperando as melhorias. O prefeito n\u00e3o pode ser responsabilizado pelo descumprimento do acordo, por parte da empresa. E em Fabriciano, o cidad\u00e3o n\u00e3o vai pagar por isso\u201d, afirma o prefeito Dr. Marcos Vinicius.<\/p>\n<p>Dentre as melhorias exigidas pela Prefeitura, conforme o Decreto 6.876, de 7 de junho de 2019 e n\u00e3o cumpridas pelo Cons\u00f3rcio, est\u00e3o: a renova\u00e7\u00e3o e climatiza\u00e7\u00e3o com ar condicionado dos \u00f4nibus; manuten\u00e7\u00e3o da idade da frota entre 0 e 10 anos, sendo a m\u00e9dia de 5 anos, com substitui\u00e7\u00e3o de ve\u00edculos a cada 90 dias; implanta\u00e7\u00e3o de GPS em toda frota para facilitar o controle dos hor\u00e1rios pelos usu\u00e1rios no prazo de 60 dias; wi-fi gratuito para os passageiros durante a viagem em at\u00e9 60 dias e a integra\u00e7\u00e3o do transporte p\u00fablico sistema por meio de cart\u00e3o eletr\u00f4nico em setores diferentes ou n\u00e3o.<\/p>\n<p>A notifica\u00e7\u00e3o tamb\u00e9m deixa em suspenso a integra\u00e7\u00e3o do transporte p\u00fablico, exclusivamente por meio de bilhete eletr\u00f4nico (Cart\u00e3o Fabri F\u00e1cil), que entraria em vigor a partir de s\u00e1bado, 2\/11.\u00a0Com isso, o antigo ponto de integra\u00e7\u00e3o, pr\u00f3ximo ao Senac, continua funcionando normalmente para integra\u00e7\u00e3o de passageiros no local.<\/p>\n<\/div>","protected":false},"excerpt":{"rendered":"<p>\u00a0O prefeito de Coronel Fabriciano, Dr. Marcos Vinicius(FOTO), anunciou que a passagem de \u00f4nibus pode voltar a custar R$ 3,80, caso o cons\u00f3rcio Fabri F\u00e1cil insistir em descumprir o acordo feito com administra\u00e7\u00e3o municipal realizado em junho desse ano. O valor antigo pode entrar em vigor na\u00a0 sexta-feira, 15 de novembro. A decis\u00e3o em reduzir [&hellip;]<\/p>\n","protected":false},"author":1,"featured_media":0,"comment_status":"closed","ping_status":"closed","sticky":false,"template":"","format":"standard","meta":[],"categories":[184],"tags":[],"_links":{"self":[{"href":"https:\/\/www.folhadocomercio.net.br\/index.php?rest_route=\/wp\/v2\/posts\/9712"}],"collection":[{"href":"https:\/\/www.folhadocomercio.net.br\/index.php?rest_route=\/wp\/v2\/posts"}],"about":[{"href":"https:\/\/www.folhadocomercio.net.br\/index.php?rest_route=\/wp\/v2\/types\/post"}],"author":[{"embeddable":true,"href":"https:\/\/www.folhadocomercio.net.br\/index.php?rest_route=\/wp\/v2\/users\/1"}],"replies":[{"embeddable":true,"href":"https:\/\/www.folhadocomercio.net.br\/index.php?rest_route=%2Fwp%2Fv2%2Fcomments&post=9712"}],"version-history":[{"count":3,"href":"https:\/\/www.folhadocomercio.net.br\/index.php?rest_route=\/wp\/v2\/posts\/9712\/revisions"}],"predecessor-version":[{"id":9716,"href":"https:\/\/www.folhadocomercio.net.br\/index.php?rest_route=\/wp\/v2\/posts\/9712\/revisions\/9716"}],"wp:attachment":[{"href":"https:\/\/www.folhadocomercio.net.br\/index.php?rest_route=%2Fwp%2Fv2%2Fmedia&parent=9712"}],"wp:term":[{"taxonomy":"category","embeddable":true,"href":"https:\/\/www.folhadocomercio.net.br\/index.php?rest_route=%2Fwp%2Fv2%2Fcategories&post=9712"},{"taxonomy":"post_tag","embeddable":true,"href":"https:\/\/www.folhadocomercio.net.br\/index.php?rest_route=%2Fwp%2Fv2%2Ftags&post=9712"}],"curies":[{"name":"wp","href":"https:\/\/api.w.org\/{rel}","templated":true}]}}