{"id":9721,"date":"2019-10-26T10:42:09","date_gmt":"2019-10-26T13:42:09","guid":{"rendered":"http:\/\/www.folhadocomercio.com.br\/folha-do-comercio\/?p=9721"},"modified":"2019-10-26T10:52:07","modified_gmt":"2019-10-26T13:52:07","slug":"usiminas-registra-ebitda-de-r-441-milhoes-no-terceiro-trimestre","status":"publish","type":"post","link":"https:\/\/www.folhadocomercio.net.br\/?p=9721","title":{"rendered":"Usiminas registra Ebitda de R$ 441 milh\u00f5es no terceiro trimestre"},"content":{"rendered":"<div class=\"bt_bb_wrapper\"><p style=\"font-weight: 400;\"><img loading=\"lazy\" class=\"size-medium wp-image-9723 alignright\" src=\"http:\/\/www.folhadocomercio.com.br\/folha-do-comercio\/wp-content\/uploads\/2019\/10\/USI-640x427.png\" alt=\"\" width=\"640\" height=\"427\" srcset=\"https:\/\/www.folhadocomercio.net.br\/wp-content\/uploads\/2019\/10\/USI-640x427.png 640w, https:\/\/www.folhadocomercio.net.br\/wp-content\/uploads\/2019\/10\/USI-320x213.png 320w, https:\/\/www.folhadocomercio.net.br\/wp-content\/uploads\/2019\/10\/USI.png 900w\" sizes=\"(max-width: 640px) 100vw, 640px\" \/>\u00a0<em>Destaques no per\u00edodo foram a venda recorde de min\u00e9rio de ferro e as mudan\u00e7as no perfil da d\u00edvida da companhia<\/em><\/p>\n<p style=\"font-weight: 400;\"><em>\u00a0<\/em>A Usiminas apresentou na sexta-feira, 25, os resultados referentes ao terceiro trimestre de 2019. A companhia encerrou o per\u00edodo com um Ebitda Ajustado Consolidado (lucro antes de juros, impostos, deprecia\u00e7\u00f5es e amortiza\u00e7\u00f5es) de R$ 441 milh\u00f5es e margem de Ebitda Ajustado de 11,5%. Nos tr\u00eas meses anteriores, esses indicadores atingiram, respectivamente, R$ 576 milh\u00f5es e 16%. O resultado l\u00edquido ficou negativo em R$ 139 milh\u00f5es devido, principalmente, \u00e0 varia\u00e7\u00e3o cambial. A desvaloriza\u00e7\u00e3o do real frente ao d\u00f3lar atingiu 8,7% no per\u00edodo, gerando perdas cambiais de R$ 286 milh\u00f5es no 3T19 contra ganhos cambiais de R$ 17 milh\u00f5es no segundo trimestre deste ano.<\/p>\n<p style=\"font-weight: 400;\">A produ\u00e7\u00e3o de a\u00e7o bruto na usina de Ipatinga atingiu 834 mil toneladas no trimestre e as vendas totais de laminados somaram 1 milh\u00e3o de toneladas, ambas est\u00e1veis em rela\u00e7\u00e3o ao 2T19.<\/p>\n<p style=\"font-weight: 400;\">Entre os destaques do trimestre, estiveram a eleva\u00e7\u00e3o no volume de produ\u00e7\u00e3o da Minera\u00e7\u00e3o Usiminas (Musa), que atingiu 2,3 milh\u00f5es de toneladas, num crescimento de 29% em rela\u00e7\u00e3o ao trimestre anterior, e nas vendas recordes de min\u00e9rio de ferro. Vale destacar ainda o novo perfil do endividamento da companhia, marcado por novos prazos de pagamento e menores encargos financeiros.<\/p>\n<p style=\"font-weight: 400;\">O presidente da Usiminas, Sergio Leite, lembra que o consumo aparente de produtos sider\u00fargicos planos teve queda de 2,1% no per\u00edodo entre janeiro e agosto, segundo dados divulgados pelo Instituto A\u00e7o Brasil. \u201cA economia brasileira segue em processo de recupera\u00e7\u00e3o, mas muito aqu\u00e9m das expectativas. Ainda assim, mantivemos nossa previs\u00e3o de investimentos para 2019, da ordem de R$ 800 milh\u00f5es, e seguimos confiantes na recupera\u00e7\u00e3o da economia e na for\u00e7a do nosso time para superar esses desafios\u201d, afirma Leite.<\/p>\n<p style=\"font-weight: 400;\"><strong>Investimentos e Endividamento<\/strong><\/p>\n<p style=\"font-weight: 400;\"><strong>\u00a0<\/strong>O Capex da Usiminas no terceiro trimestre totalizou R$ 140 milh\u00f5es, uma eleva\u00e7\u00e3o de 33% em rela\u00e7\u00e3o aos tr\u00eas meses anteriores, de R$ 105 milh\u00f5es. Os investimentos foram direcionados, principalmente, em<em>\u00a0sustaining<\/em>\u00a0<em>capex<\/em>, seguran\u00e7a e meio ambiente, divididos em 83% para a unidade de Siderurgia, 16% para a Minera\u00e7\u00e3o e 1% para a unidade de Transforma\u00e7\u00e3o do A\u00e7o, aproximadamente.<\/p>\n<p style=\"font-weight: 400;\">No que diz respeito ao endividamento financeiro da companhia, o terceiro trimestre foi encerrado tamb\u00e9m com impactos da desvaloriza\u00e7\u00e3o do real frente ao d\u00f3lar. A d\u00edvida bruta consolidada encerrou o per\u00edodo em R$ 5,9 bilh\u00f5es, numa eleva\u00e7\u00e3o de 7,1% na compara\u00e7\u00e3o com o trimestre encerrado em 30 de junho. Ainda sobre a d\u00edvida, como evento subsequente ao fechamento do trimestre, a companhia realizou uma emiss\u00e3o de deb\u00eantures no valor de R$ 2 bilh\u00f5es, destinados ao pr\u00e9-pagamento de credores. Al\u00e9m disso, a empresa liquidou mais uma parcela do seu compromisso com os bancos, no valor de R$ 751 milh\u00f5es, com recursos recebidos de empr\u00e9stimo compuls\u00f3rio concedido \u00e0 Eletrobr\u00e1s.<\/p>\n<p style=\"font-weight: 400;\"><strong>\u00a0<\/strong><strong>Unidades de Neg\u00f3cios<\/strong><\/p>\n<p style=\"font-weight: 400;\"><strong>\u00a0<\/strong>Na \u00e1rea de Minera\u00e7\u00e3o, a Musa teve um Ebitda Ajustado da ordem de R$ 188 milh\u00f5es no 3T19, est\u00e1vel em rela\u00e7\u00e3o ao 2T19, de R$ 190 milh\u00f5es. A Margem de Ebitda Ajustado ficou em 33,9%, contra 43% no trimestre anterior. Apesar do aumento de 25,8% na receita l\u00edquida do terceiro trimestre (R$ 555 milh\u00f5es) comparado com o segundo (R$ 441 milh\u00f5es), a margem refletiu o impacto do aumento nos pre\u00e7os dos fretes internacionais e nos menores pr\u00eamios pagos pelo min\u00e9rio de ferro no per\u00edodo.<\/p>\n<p style=\"font-weight: 400;\">A Solu\u00e7\u00f5es Usiminas, empresa que atua nos mercados de distribui\u00e7\u00e3o e processamento do a\u00e7o, teve um Ebitda Ajustado no terceiro trimestre do ano de R$ 32 milh\u00f5es, contra os R$ 37 milh\u00f5es dos tr\u00eas meses anteriores. A queda, da ordem de 15%, \u00e9 atribu\u00edda, principalmente, \u00e0 eleva\u00e7\u00e3o dos custos. A Margem de Ebitda Ajustado na SU ficou em 3,2% no 3T19, contra 4% no per\u00edodo anterior.<\/p>\n<p style=\"font-weight: 400;\">J\u00e1 na Usiminas Mec\u00e2nica, que tem foco na produ\u00e7\u00e3o de bens de capital sob encomenda, o Ebitda Ajustado no terceiro trimestre ficou negativo em R$ 6 milh\u00f5es, contra R$ 1 milh\u00e3o positivo no 2T19. A Margem de Ebitda Ajustado no per\u00edodo foi de 4,6% negativa, contra 0,8% positiva no segundo trimestre.<\/p>\n<\/div>","protected":false},"excerpt":{"rendered":"<p>\u00a0Destaques no per\u00edodo foram a venda recorde de min\u00e9rio de ferro e as mudan\u00e7as no perfil da d\u00edvida da companhia \u00a0A Usiminas apresentou na sexta-feira, 25, os resultados referentes ao terceiro trimestre de 2019. A companhia encerrou o per\u00edodo com um Ebitda Ajustado Consolidado (lucro antes de juros, impostos, deprecia\u00e7\u00f5es e amortiza\u00e7\u00f5es) de R$ 441 [&hellip;]<\/p>\n","protected":false},"author":1,"featured_media":0,"comment_status":"closed","ping_status":"closed","sticky":false,"template":"","format":"standard","meta":[],"categories":[194],"tags":[],"_links":{"self":[{"href":"https:\/\/www.folhadocomercio.net.br\/index.php?rest_route=\/wp\/v2\/posts\/9721"}],"collection":[{"href":"https:\/\/www.folhadocomercio.net.br\/index.php?rest_route=\/wp\/v2\/posts"}],"about":[{"href":"https:\/\/www.folhadocomercio.net.br\/index.php?rest_route=\/wp\/v2\/types\/post"}],"author":[{"embeddable":true,"href":"https:\/\/www.folhadocomercio.net.br\/index.php?rest_route=\/wp\/v2\/users\/1"}],"replies":[{"embeddable":true,"href":"https:\/\/www.folhadocomercio.net.br\/index.php?rest_route=%2Fwp%2Fv2%2Fcomments&post=9721"}],"version-history":[{"count":2,"href":"https:\/\/www.folhadocomercio.net.br\/index.php?rest_route=\/wp\/v2\/posts\/9721\/revisions"}],"predecessor-version":[{"id":9724,"href":"https:\/\/www.folhadocomercio.net.br\/index.php?rest_route=\/wp\/v2\/posts\/9721\/revisions\/9724"}],"wp:attachment":[{"href":"https:\/\/www.folhadocomercio.net.br\/index.php?rest_route=%2Fwp%2Fv2%2Fmedia&parent=9721"}],"wp:term":[{"taxonomy":"category","embeddable":true,"href":"https:\/\/www.folhadocomercio.net.br\/index.php?rest_route=%2Fwp%2Fv2%2Fcategories&post=9721"},{"taxonomy":"post_tag","embeddable":true,"href":"https:\/\/www.folhadocomercio.net.br\/index.php?rest_route=%2Fwp%2Fv2%2Ftags&post=9721"}],"curies":[{"name":"wp","href":"https:\/\/api.w.org\/{rel}","templated":true}]}}