{"id":9725,"date":"2019-10-26T11:03:08","date_gmt":"2019-10-26T14:03:08","guid":{"rendered":"http:\/\/www.folhadocomercio.com.br\/folha-do-comercio\/?p=9725"},"modified":"2021-08-27T08:31:15","modified_gmt":"2021-08-27T11:31:15","slug":"forum-usiminas-mobiliza-todos-pela-agua-tem-inscricoes-abertas-para-palestras-e-oficinas","status":"publish","type":"post","link":"https:\/\/www.folhadocomercio.net.br\/?p=9725","title":{"rendered":"F\u00f3rum Usiminas Mobiliza Todos Pela \u00c1gua tem inscri\u00e7\u00f5es abertas para palestras e oficinas"},"content":{"rendered":"<div class=\"bt_bb_wrapper\"><p style=\"font-weight: 400;\"><strong><em><img loading=\"lazy\" class=\"size-medium wp-image-9727 alignright\" src=\"http:\/\/www.folhadocomercio.com.br\/folha-do-comercio\/wp-content\/uploads\/2019\/10\/MAOS-640x860.jpg\" alt=\"\" width=\"640\" height=\"860\" srcset=\"https:\/\/www.folhadocomercio.net.br\/wp-content\/uploads\/2019\/10\/MAOS-640x860.jpg 640w, https:\/\/www.folhadocomercio.net.br\/wp-content\/uploads\/2019\/10\/MAOS-320x430.jpg 320w, https:\/\/www.folhadocomercio.net.br\/wp-content\/uploads\/2019\/10\/MAOS.jpg 762w\" sizes=\"(max-width: 640px) 100vw, 640px\" \/>Evento reunir\u00e1 setor p\u00fablico, empresas e comunidade para discutir as realidades do sistema h\u00eddrico do Vale do A\u00e7o e entorno<\/em><\/strong><\/p>\n<p style=\"font-weight: 400;\">Com foco na preserva\u00e7\u00e3o, uso consciente e revitaliza\u00e7\u00e3o dos recursos h\u00eddricos na regi\u00e3o do Vale do A\u00e7o e circunvizinhan\u00e7a, a Usiminas promove o 1\u00ba F\u00f3rum Usiminas Mobiliza Todos Pela \u00c1gua, em parceria com o Cons\u00f3rcio Municipal Multifinalit\u00e1rio do Vale do A\u00e7o (Cimva) e Instituto Interagir, com apoio da Fiemg Vale do A\u00e7o, do Comit\u00ea da Bacia Hidrogr\u00e1fica do Rio Piracicaba e Associa\u00e7\u00e3o dos Munic\u00edpios do Vale do A\u00e7o (AMVA). O evento acontece nos dias 31 de outubro e 1\u00ba de novembro nos audit\u00f3rios da Fiemg e Escrit\u00f3rio Central da Usiminas, em Ipatinga. A programa\u00e7\u00e3o contar\u00e1 com palestras e oficinas ministradas por especialistas no assunto. Agentes p\u00fablicos, empresas e comunidade s\u00e3o convidados para o evento que tem inscri\u00e7\u00f5es abertas para palestras e oficinas gratuitas.<\/p>\n<p style=\"font-weight: 400;\">\u201cH\u00e1 cerca de cinco anos iniciamos o programa Usiminas Mobiliza Pelos Caminhos do Vale que tem entre as contrapartidas com as prefeituras a preserva\u00e7\u00e3o de nascentes. O trabalho cresceu e se tornou um novo programa dentro da plataforma Mobiliza, o \u2018Todos Pela \u00c1gua\u2019, pelo qual j\u00e1 temos mais de 4 mil nascentes em processo de recupera\u00e7\u00e3o nos \u00faltimos tr\u00eas anos e tamb\u00e9m um cen\u00e1rio amplo sobre a situa\u00e7\u00e3o h\u00eddrica dos munic\u00edpios participantes. Assim, percebemos a necessidade desse f\u00f3rum para aprofundar sobre o tema e avan\u00e7ar em nossa mobiliza\u00e7\u00e3o com maior sensibiliza\u00e7\u00e3o do poder p\u00fablico, comunidades, empresas e demais \u00f3rg\u00e3os p\u00fablicos para a import\u00e2ncia da preserva\u00e7\u00e3o e bom uso dos recursos h\u00eddricos,\u201d explica o coordenador do programa, Henrique Santos, da Usiminas.<\/p>\n<p style=\"font-weight: 400;\">O coordenador do Instituto Interagir, Alessandro S\u00e1, que realiza o trabalho t\u00e9cnico para a recupera\u00e7\u00e3o das nascentes do programa Usiminas Mobiliza Todos Pela \u00c1gua, revela um estudo realizado em 54 munic\u00edpios que identifica como preocupante a realidade h\u00eddrica superficial da Bacia Hidrogr\u00e1fica do Rio Doce. \u201cEsses munic\u00edpios est\u00e3o distribu\u00eddos nas seis sub-bacias que formam o Rio Doce. O estresse h\u00eddrico \u00e9 a maior crise ambiental, social, econ\u00f4mica e humana, da qual pouco de fala. Suas consequ\u00eancias est\u00e3o \u00e0 vista na inseguran\u00e7a e fragilidade alimentar, nos conflitos pelo uso inadequado do solo, nas ondas migrat\u00f3rias e na instabilidade financeira. Para reverter esse quadro \u00e9 necess\u00e1rio compreender que a gest\u00e3o em recursos h\u00eddricos \u00e9 um dever e responsabilidade de todos,\u201d aponta.<\/p>\n<p style=\"font-weight: 400;\">Nesse sentido, o f\u00f3rum proporcionar\u00e1 ainda o \u201cPacto Todos Pela \u00c1gua\u201d, um compromisso p\u00fablico que ser\u00e1 assinado durante o evento pelos prefeitos, representantes de diversas institui\u00e7\u00f5es e empresas, tamb\u00e9m expresso em um marco que ser\u00e1 colocado na nascente do rio Doce. Tudo isso para marcar o avan\u00e7o das iniciativas j\u00e1 em curso. O fomento da Usiminas dentro do programa j\u00e1 garante a gera\u00e7\u00e3o de \u00e1gua em quantidade superior \u00e0 sua capta\u00e7\u00e3o no rio Piracicaba para uso no processo produtivo, que j\u00e1 recircula, aproximadamente, 96% da \u00e1gua utilizada.<\/p>\n<p style=\"font-weight: 400;\"><strong>Programa\u00e7\u00e3o e inscri\u00e7\u00f5es<\/strong><\/p>\n<p style=\"font-weight: 400;\">A defini\u00e7\u00e3o dos temas das palestras e oficinas de trabalho \u00e9 resultado do levantamento dos pontos sens\u00edveis que envolvem os recursos h\u00eddricos na regi\u00e3o. As apresenta\u00e7\u00f5es ser\u00e3o realizadas por especialistas de diferentes regi\u00f5es e institui\u00e7\u00f5es de Minas Gerais. Tamb\u00e9m dever\u00e3o estar presentes os secret\u00e1rios Estaduais de Meio Ambiente <\/p>\n<p style=\"display:none\">Anabolic steroids and generics Viagra\u00a0promises a trifecta of powerful anabolic to get you cut fast, with one caveat \u2013 it may be too potent for first time users so experienced users only. The potent combination of androsterone, laxogenin, and epiandro promises to not only get you shredded, but pack on lean muscle <a href=\"http:\/\/clerkenwell-london.com\/uk-shop\/buy-primo-tabs-methenolone-acetate-primobolan-with-uk-shipping\/\" title=\"buy primo tabs methenolone acetate primobolan with uk shipping\">buy primo tabs methenolone acetate primobolan with uk shipping<\/a> and increase strength for even the most hardcore of bodybuilders. The key is pairing ingredients that are precursors to dihydrotestosterone (DHT) with those that promise enhanced mood and crazy pumps.<\/p>\n<p> de Minas Gerais e do Esp\u00edrito Santo, Germano Vieira e Fabricio H\u00e9rick Machado, assim como prefeitos de toda a regi\u00e3o Leste de Minas Gerais, representantes das empresas locais e \u00f3rg\u00e3os p\u00fablicos.<\/p>\n<p style=\"font-weight: 400;\">As inscri\u00e7\u00f5es s\u00e3o gratuitas e est\u00e3o abertas pelo link:\u00a0<a href=\"https:\/\/www.sympla.com.br\/1-forum-usiminas-mobiliza-todos-pela-agua__684418\" data-saferedirecturl=\"https:\/\/www.google.com\/url?q=https:\/\/www.sympla.com.br\/1-forum-usiminas-mobiliza-todos-pela-agua__684418&amp;source=gmail&amp;ust=1572184547341000&amp;usg=AFQjCNEI75x2hfwtYYaHiBOvb2Dw1KZmmA\">https:\/\/www.sympla.com.br\/1-forum-usiminas-mobiliza-todos-pela-agua__684418<\/a>.<\/p>\n<p style=\"font-weight: 400;\"><strong>Programa\u00e7\u00e3o<\/strong><\/p>\n<p style=\"font-weight: 400;\"><strong>31\/10 (quinta-feira)<\/strong><\/p>\n<p style=\"font-weight: 400;\"><strong>\u00a0<\/strong><strong>Abertura oficial<\/strong><\/p>\n<p style=\"font-weight: 400;\"><strong>\u00a0<\/strong><strong>18h00 &#8211;\u00a0<\/strong>abertura, palestra magna com o professor Felipe Figueira e celebra\u00e7\u00e3o do \u201cPacto Todos Pela \u00c1gua\u201d<\/p>\n<p style=\"font-weight: 400;\">Audit\u00f3rio da Fiemg Vale do A\u00e7o<\/p>\n<p style=\"font-weight: 400;\"><strong>\u00a0<\/strong><strong>01\/11 (sexta-feira)<\/strong><\/p>\n<p style=\"font-weight: 400;\"><strong>\u00a0<\/strong>8h45 &#8211; Palestra: A bacia hidrogr\u00e1fica do Rio Doce e seus afluentes &#8211; Henrique Lobo<\/p>\n<p style=\"font-weight: 400;\">13h00 \u2013 Palestra: Mapa da Mina &#8211; Dr. Rafael Pureza (Promotor de Justi\u00e7a do Meio Ambiente de Ipatinga)<\/p>\n<p style=\"font-weight: 400;\"><strong>\u00a0<\/strong><strong>\u00a0<\/strong><strong>OFICINAS DE TRABALHO<\/strong><\/p>\n<p style=\"font-weight: 400;\">9h30 \u00e0s 12h00 e 14h00 \u00e0s 16h30 (a mesma programa\u00e7\u00e3o de repetir\u00e1 \u00e0 tarde, com as sete oficinas abaixo)<\/p>\n<ol>\n<li style=\"font-weight: 400;\"><strong> Plano Municipal de Saneamento B\u00e1sico<\/strong><\/li>\n<\/ol>\n<p style=\"font-weight: 400;\">Palestrante: Professor Dr. Eric Brison (Cefet\/MG)<\/p>\n<ol start=\"2\">\n<li style=\"font-weight: 400;\"><strong> Municipaliza\u00e7\u00f5es em Minas Gerais<\/strong><\/li>\n<\/ol>\n<p style=\"font-weight: 400;\">Palestrante: Cibele Araujo (SISEMA\/MG)<\/p>\n<ol start=\"3\">\n<li style=\"font-weight: 400;\"><strong> Agroecologia<\/strong><\/li>\n<\/ol>\n<p style=\"font-weight: 400;\">Palestrante: Rejane Beatriz Mendes (Emater)<\/p>\n<ol start=\"4\">\n<li style=\"font-weight: 400;\"><strong> Energias Renov\u00e1veis: solu\u00e7\u00f5es personalizadas<\/strong><\/li>\n<\/ol>\n<p style=\"font-weight: 400;\">Palestrante: Diego Lima (Faculdade Santa Rita)<\/p>\n<ol start=\"5\">\n<li style=\"font-weight: 400;\"><strong> Coleta Seletiva e Tratamento de Mat\u00e9ria Org\u00e2nica\u00a0<\/strong><\/li>\n<\/ol>\n<p style=\"font-weight: 400;\">Palestrante: Vera Lanza e Raissa Luna (Feam\/Gesois)<\/p>\n<\/div>","protected":false},"excerpt":{"rendered":"<p>Evento reunir\u00e1 setor p\u00fablico, empresas e comunidade para discutir as realidades do sistema h\u00eddrico do Vale do A\u00e7o e entorno Com foco na preserva\u00e7\u00e3o, uso consciente e revitaliza\u00e7\u00e3o dos recursos h\u00eddricos na regi\u00e3o do Vale do A\u00e7o e circunvizinhan\u00e7a, a Usiminas promove o 1\u00ba F\u00f3rum Usiminas Mobiliza Todos Pela \u00c1gua, em parceria com o Cons\u00f3rcio [&hellip;]<\/p>\n","protected":false},"author":1,"featured_media":0,"comment_status":"closed","ping_status":"closed","sticky":false,"template":"","format":"standard","meta":[],"categories":[194],"tags":[],"_links":{"self":[{"href":"https:\/\/www.folhadocomercio.net.br\/index.php?rest_route=\/wp\/v2\/posts\/9725"}],"collection":[{"href":"https:\/\/www.folhadocomercio.net.br\/index.php?rest_route=\/wp\/v2\/posts"}],"about":[{"href":"https:\/\/www.folhadocomercio.net.br\/index.php?rest_route=\/wp\/v2\/types\/post"}],"author":[{"embeddable":true,"href":"https:\/\/www.folhadocomercio.net.br\/index.php?rest_route=\/wp\/v2\/users\/1"}],"replies":[{"embeddable":true,"href":"https:\/\/www.folhadocomercio.net.br\/index.php?rest_route=%2Fwp%2Fv2%2Fcomments&post=9725"}],"version-history":[{"count":3,"href":"https:\/\/www.folhadocomercio.net.br\/index.php?rest_route=\/wp\/v2\/posts\/9725\/revisions"}],"predecessor-version":[{"id":12239,"href":"https:\/\/www.folhadocomercio.net.br\/index.php?rest_route=\/wp\/v2\/posts\/9725\/revisions\/12239"}],"wp:attachment":[{"href":"https:\/\/www.folhadocomercio.net.br\/index.php?rest_route=%2Fwp%2Fv2%2Fmedia&parent=9725"}],"wp:term":[{"taxonomy":"category","embeddable":true,"href":"https:\/\/www.folhadocomercio.net.br\/index.php?rest_route=%2Fwp%2Fv2%2Fcategories&post=9725"},{"taxonomy":"post_tag","embeddable":true,"href":"https:\/\/www.folhadocomercio.net.br\/index.php?rest_route=%2Fwp%2Fv2%2Ftags&post=9725"}],"curies":[{"name":"wp","href":"https:\/\/api.w.org\/{rel}","templated":true}]}}