{"id":9739,"date":"2019-11-05T11:15:43","date_gmt":"2019-11-05T14:15:43","guid":{"rendered":"http:\/\/www.folhadocomercio.com.br\/folha-do-comercio\/?p=9739"},"modified":"2019-11-05T11:19:07","modified_gmt":"2019-11-05T14:19:07","slug":"prefeituras-assinam-pacto-todos-pela-agua-proposto-pela-usiminas","status":"publish","type":"post","link":"https:\/\/www.folhadocomercio.net.br\/?p=9739","title":{"rendered":"\u00a0  Prefeituras assinam \u201cPacto Todos Pela \u00c1gua\u201d proposto pela Usiminas"},"content":{"rendered":"<div class=\"bt_bb_wrapper\"><p style=\"font-weight: 400;\"><img loading=\"lazy\" class=\"size-medium wp-image-9741 alignright\" src=\"http:\/\/www.folhadocomercio.com.br\/folha-do-comercio\/wp-content\/uploads\/2019\/11\/PACTO-640x427.jpg\" alt=\"\" width=\"640\" height=\"427\" srcset=\"https:\/\/www.folhadocomercio.net.br\/wp-content\/uploads\/2019\/11\/PACTO-640x427.jpg 640w, https:\/\/www.folhadocomercio.net.br\/wp-content\/uploads\/2019\/11\/PACTO-1024x684.jpg 1024w, https:\/\/www.folhadocomercio.net.br\/wp-content\/uploads\/2019\/11\/PACTO-1280x854.jpg 1280w, https:\/\/www.folhadocomercio.net.br\/wp-content\/uploads\/2019\/11\/PACTO-320x214.jpg 320w\" sizes=\"(max-width: 640px) 100vw, 640px\" \/>A Usiminas e os\u00a0munic\u00edpios participantes do Programa Mobiliza Todos Pela \u00c1gua firmaram um compromisso ambiental in\u00e9dito durante o \u201c1\u00ba F\u00f3rum Todos Pela \u00c1gua\u201d(FOTO), encerrado na sexta-feira ,01, em Ipatinga. O \u201cPacto Todos Pela \u00c1gua\u201d \u00e9 uma iniciativa que envolve os munic\u00edpios participantes dos programas da plataforma Usiminas Mobiliza e busca promover\u00a0a\u00e7\u00f5es voltadas para recupera\u00e7\u00e3o da bacia hidrogr\u00e1fica do Rio Doce. A iniciativa est\u00e1 baseada em cinco pilares: Vis\u00e3o de Futuro, Planejamento, Coopera\u00e7\u00e3o, \u00c9tica e Legado.<\/p>\n<p style=\"font-weight: 400;\">Por meio do\u00a0\u201cPacto Todos Pela \u00c1gua\u201d ser\u00e1 poss\u00edvel\u00a0trabalhar em conjunto e unir esfor\u00e7os para a grave quest\u00e3o da escassez dos recursos h\u00eddricos. Esfor\u00e7os esses que ser\u00e3o orientados pelo compromisso global dos Objetivos do Desenvolvimento Sustent\u00e1vel (Agenda 20\/30), especialmente o de assegurar a disponibilidade e gest\u00e3o sustent\u00e1vel da \u00e1gua e saneamento para todos.<\/p>\n<p style=\"font-weight: 400;\">Durante o evento, o vice-presidente Industrial da Usiminas, Tulio Chipoletti, acompanhado do\u00a0<em>secret\u00e1rio<\/em><em>\u00a0<\/em>de Estado de\u00a0<em>Meio Ambiente<\/em><em>\u00a0<\/em>e Desenvolvimento Sustent\u00e1vel de\u00a0<em>Minas Gerais<\/em><em>,<\/em>\u00a0Germano Vieira, al\u00e9m de outras lideran\u00e7as do setor p\u00fablico, privado e do Judici\u00e1rio\u00a0tiveram a oportunidade de apresentar a realidade h\u00eddrica da regi\u00e3o do Vale do A\u00e7o. Eles tamb\u00e9m debateram sobre o que tem sido feito para contribuir com o meio ambiente e a comunidade, principalmente por meio dos programas Mobiliza Caminhos do Vale e Todos pela \u00c1gua, desenvolvidos pela Usiminas e operacionalizado em parceria com a Associa\u00e7\u00e3o e Cons\u00f3rcio dos Munic\u00edpios do Vale do A\u00e7o \u2013 AMVA \/ CIMVA.<\/p>\n<p style=\"font-weight: 400;\">Segundo Chipoletti, a Usiminas sempre teve uma ampla atua\u00e7\u00e3o econ\u00f4mica, social e ambiental junto \u00e0s comunidades e h\u00e1 cinco anos, por meio do Mobiliza, vem intensificando suas a\u00e7\u00f5es na \u00e1rea ambiental. \u201cA realiza\u00e7\u00e3o desse F\u00f3rum nasceu de um trabalho conjunto de v\u00e1rias lideran\u00e7as preocupadas com a preserva\u00e7\u00e3o do Rio Doce e Piracicaba. A Usiminas acredita que juntos podemos fazer mais pela sustentabilidade do planeta, prova disso s\u00e3o as cerca 4 mil nascentes em processo de recupera\u00e7\u00e3o no Vale do A\u00e7o por meio dos programas que desenvolvemos\u201d, ressalta.<\/p>\n<p style=\"font-weight: 400;\"><em>Para o presidente do Comit\u00ea da Bacia<\/em><em>\u00a0<\/em>Hidrogr\u00e1fica do Rio\u00a0doce,<em>\u00a0Flam\u00ednio\u00a0<\/em>Guerra Guimar\u00e3es, o F\u00f3rum Todos pela \u00c1gua \u00e9 uma iniciativa de grande import\u00e2ncia que deve se perpetuar. \u00a0\u201cA \u00e1gua \u00e9 uma quest\u00e3o de sobrevida de responsabilidade de todos. Numa bacia do tamanho da bacia do Rio Doce, formada por 228 munic\u00edpios, onde a crise h\u00eddrica \u00e9 uma constante em todo territ\u00f3rio, a realiza\u00e7\u00e3o deste F\u00f3rum representa algo muito importante, pois chama todos os atores envolvidos, desde as institui\u00e7\u00f5es, a popula\u00e7\u00e3o, estudantes, poderes p\u00fablicos e empresas para que possamos discutir a problem\u00e1tica e pensar em a\u00e7\u00f5es para o futuro que visem melhorar a disponibilidade h\u00eddrica na bacia. E o pacto feito com os prefeitos \u00e9 extraordin\u00e1rio porque gera uma responsabilidade dos munic\u00edpios pela gest\u00e3o dos recursos h\u00eddricos da sua regi\u00e3o, e o cumprimento das a\u00e7\u00f5es definidas pelo Todos pela \u00c1gua\u201d.<\/p>\n<p style=\"font-weight: 400;\">O \u201cF\u00f3rum Usiminas Mobiliza Todos Pela \u00c1gua\u201d foi realizado por meio de uma parceria da Usiminas com o Cons\u00f3rcio Municipal Multifinalit\u00e1rio do Vale do A\u00e7o e Instituto Interagir, com apoio da Fiemg Vale do A\u00e7o, do Comit\u00ea da Bacia Hidrogr\u00e1fica do Rio Piracicaba e da Associa\u00e7\u00e3o dos Munic\u00edpios do Vale do A\u00e7o (AMVA).<\/p>\n<\/div>","protected":false},"excerpt":{"rendered":"<p>A Usiminas e os\u00a0munic\u00edpios participantes do Programa Mobiliza Todos Pela \u00c1gua firmaram um compromisso ambiental in\u00e9dito durante o \u201c1\u00ba F\u00f3rum Todos Pela \u00c1gua\u201d(FOTO), encerrado na sexta-feira ,01, em Ipatinga. O \u201cPacto Todos Pela \u00c1gua\u201d \u00e9 uma iniciativa que envolve os munic\u00edpios participantes dos programas da plataforma Usiminas Mobiliza e busca promover\u00a0a\u00e7\u00f5es voltadas para recupera\u00e7\u00e3o da [&hellip;]<\/p>\n","protected":false},"author":1,"featured_media":0,"comment_status":"closed","ping_status":"closed","sticky":false,"template":"","format":"standard","meta":[],"categories":[1],"tags":[],"_links":{"self":[{"href":"https:\/\/www.folhadocomercio.net.br\/index.php?rest_route=\/wp\/v2\/posts\/9739"}],"collection":[{"href":"https:\/\/www.folhadocomercio.net.br\/index.php?rest_route=\/wp\/v2\/posts"}],"about":[{"href":"https:\/\/www.folhadocomercio.net.br\/index.php?rest_route=\/wp\/v2\/types\/post"}],"author":[{"embeddable":true,"href":"https:\/\/www.folhadocomercio.net.br\/index.php?rest_route=\/wp\/v2\/users\/1"}],"replies":[{"embeddable":true,"href":"https:\/\/www.folhadocomercio.net.br\/index.php?rest_route=%2Fwp%2Fv2%2Fcomments&post=9739"}],"version-history":[{"count":2,"href":"https:\/\/www.folhadocomercio.net.br\/index.php?rest_route=\/wp\/v2\/posts\/9739\/revisions"}],"predecessor-version":[{"id":9742,"href":"https:\/\/www.folhadocomercio.net.br\/index.php?rest_route=\/wp\/v2\/posts\/9739\/revisions\/9742"}],"wp:attachment":[{"href":"https:\/\/www.folhadocomercio.net.br\/index.php?rest_route=%2Fwp%2Fv2%2Fmedia&parent=9739"}],"wp:term":[{"taxonomy":"category","embeddable":true,"href":"https:\/\/www.folhadocomercio.net.br\/index.php?rest_route=%2Fwp%2Fv2%2Fcategories&post=9739"},{"taxonomy":"post_tag","embeddable":true,"href":"https:\/\/www.folhadocomercio.net.br\/index.php?rest_route=%2Fwp%2Fv2%2Ftags&post=9739"}],"curies":[{"name":"wp","href":"https:\/\/api.w.org\/{rel}","templated":true}]}}